{"id":22286,"date":"2025-12-04T00:11:28","date_gmt":"2025-12-04T00:11:28","guid":{"rendered":"https:\/\/www.salvatorianas.org.br\/blog\/?p=22286"},"modified":"2025-12-04T00:11:29","modified_gmt":"2025-12-04T00:11:29","slug":"abertura-ano-jubilar","status":"publish","type":"post","link":"https:\/\/www.salvatorianas.org.br\/blog\/abertura-ano-jubilar\/","title":{"rendered":"Abertura ano jubilar"},"content":{"rendered":"\n<figure class=\"wp-block-image size-full\"><img decoding=\"async\" loading=\"lazy\" width=\"940\" height=\"788\" src=\"https:\/\/www.salvatorianas.org.br\/blog\/wp-content\/uploads\/2025\/12\/1.png\" alt=\"\" class=\"wp-image-22287\" srcset=\"https:\/\/www.salvatorianas.org.br\/blog\/wp-content\/uploads\/2025\/12\/1.png 940w, https:\/\/www.salvatorianas.org.br\/blog\/wp-content\/uploads\/2025\/12\/1-300x251.png 300w, https:\/\/www.salvatorianas.org.br\/blog\/wp-content\/uploads\/2025\/12\/1-768x644.png 768w\" sizes=\"(max-width: 940px) 100vw, 940px\" \/><\/figure>\n\n\n\n<figure class=\"wp-block-table\"><table><tbody><tr><td>No dia 03 de dezembro, data que marca a chegada das Irm\u00e3s pioneiras no Brasil no ano de 1936,\u00a0 Irm\u00e3s e Formandas da Prov\u00edncia S\u00e3o Paulo e Santa Catarina, Ir. Jacqueline Mwakasu, Vig\u00e1ria Geral colaboradores leigos, representantes dos Padres e Irm\u00e3os e dos Leigos Salvatorianos, \u00a0participaram de uma Celebra\u00e7\u00e3o de abertura do ano jubilar em comemora\u00e7\u00e3o aos\u00a0 90 anos de chegada mission\u00e1ria das Irm\u00e3s Salvatorianas no Brasil. Com o cora\u00e7\u00e3o agradecido louvaram ao Divino Salvador, por este momento hist\u00f3rico da vida salvatoriana. <br><br>O envio das cinco primeiras Irm\u00e3s Colonata Ackermann, Ehrenfrieda H\u00f6lscher, Philippa Stieber, Renata Herold e Ludolfa Boch \u00a0aconteceu na capela da Casa-M\u00e3e, em Roma, em uma cerim\u00f4nia simples e irmanada, presidida pelo Pe. Pancratius Pfeiffer no dia 13 de novembro de 1936. Ele entregou a cruz das miss\u00f5es e dirigiu-lhes estas palavras: \u201cV\u00f3s ides agora para um pa\u00eds long\u00ednquo, do qual n\u00e3o conheceis os usos e costumes, nem a l\u00edngua. Mas uma linguagem se conhece e se entende em todo o lugar. \u00c9 a linguagem do amor. Servi-vos dela por toda a parte e por todos sereis compreendidas\u201d. <br><br>Ap\u00f3s o envio mission\u00e1rio, dirigiram-se ao porto para o embarque no navio com destino ao Brasil. Muitos sentimentos experimentaram, alegrias, ansiedades, medos e saudades, mas a confian\u00e7a em Deus as fortalecia e as animava a seguir. E assim, como aconteceu com a Bem-aventurada Maria dos Ap\u00f3stolos, em seus cora\u00e7\u00f5es a chama do amor de Deus as inflamava numa explos\u00e3o de amor. <br><br>Hoje cada salvatoriana \u00e9 chamada a continuar esta miss\u00e3o, permanecendo aberta e dispon\u00edvel para ser enviada onde a vida chama e clama, atenta aos desafios do mundo, fortalecendo a solidariedade e a coopera\u00e7\u00e3o m\u00fatua e promovendo a Vida. Nesta celebra\u00e7\u00e3o que respirou a atmosfera de muita gratid\u00e3o, entre cantos e aclama\u00e7\u00f5es celebraram com f\u00e9 e esperan\u00e7a os 90 anos da chegada das Irm\u00e3s alem\u00e3s para o in\u00edcio da miss\u00e3o no Brasil.\u00a0<br><br><strong>Alegremo-nos em Deus nosso Salvador, e vivamos este ano jubilar celebrando n<\/strong>um peregrinar de compromisso, profecia e esperan\u00e7a. \u00a0<\/td><\/tr><\/tbody><\/table><\/figure>\n\n\n\n<figure class=\"wp-block-image size-full\"><img decoding=\"async\" loading=\"lazy\" width=\"940\" height=\"788\" src=\"https:\/\/www.salvatorianas.org.br\/blog\/wp-content\/uploads\/2025\/12\/2.png\" alt=\"\" class=\"wp-image-22288\" srcset=\"https:\/\/www.salvatorianas.org.br\/blog\/wp-content\/uploads\/2025\/12\/2.png 940w, https:\/\/www.salvatorianas.org.br\/blog\/wp-content\/uploads\/2025\/12\/2-300x251.png 300w, https:\/\/www.salvatorianas.org.br\/blog\/wp-content\/uploads\/2025\/12\/2-768x644.png 768w\" sizes=\"(max-width: 940px) 100vw, 940px\" \/><\/figure>\n\n\n\n<figure class=\"wp-block-image size-full\"><img decoding=\"async\" loading=\"lazy\" width=\"940\" height=\"788\" src=\"https:\/\/www.salvatorianas.org.br\/blog\/wp-content\/uploads\/2025\/12\/3.png\" alt=\"\" class=\"wp-image-22289\" srcset=\"https:\/\/www.salvatorianas.org.br\/blog\/wp-content\/uploads\/2025\/12\/3.png 940w, https:\/\/www.salvatorianas.org.br\/blog\/wp-content\/uploads\/2025\/12\/3-300x251.png 300w, https:\/\/www.salvatorianas.org.br\/blog\/wp-content\/uploads\/2025\/12\/3-768x644.png 768w\" sizes=\"(max-width: 940px) 100vw, 940px\" \/><\/figure>\n\n\n\n<p><\/p>\n\n\n\n<figure class=\"wp-block-image size-full\"><img decoding=\"async\" loading=\"lazy\" width=\"940\" height=\"788\" src=\"https:\/\/www.salvatorianas.org.br\/blog\/wp-content\/uploads\/2025\/12\/4.png\" alt=\"\" class=\"wp-image-22290\" srcset=\"https:\/\/www.salvatorianas.org.br\/blog\/wp-content\/uploads\/2025\/12\/4.png 940w, https:\/\/www.salvatorianas.org.br\/blog\/wp-content\/uploads\/2025\/12\/4-300x251.png 300w, https:\/\/www.salvatorianas.org.br\/blog\/wp-content\/uploads\/2025\/12\/4-768x644.png 768w\" sizes=\"(max-width: 940px) 100vw, 940px\" \/><\/figure>\n\n\n\n<p><\/p>\n\n\n\n<figure class=\"wp-block-image size-full\"><img decoding=\"async\" loading=\"lazy\" width=\"940\" height=\"788\" src=\"https:\/\/www.salvatorianas.org.br\/blog\/wp-content\/uploads\/2025\/12\/5.png\" alt=\"\" class=\"wp-image-22291\" srcset=\"https:\/\/www.salvatorianas.org.br\/blog\/wp-content\/uploads\/2025\/12\/5.png 940w, https:\/\/www.salvatorianas.org.br\/blog\/wp-content\/uploads\/2025\/12\/5-300x251.png 300w, https:\/\/www.salvatorianas.org.br\/blog\/wp-content\/uploads\/2025\/12\/5-768x644.png 768w\" sizes=\"(max-width: 940px) 100vw, 940px\" \/><\/figure>\n\n\n\n<p><\/p>\n\n\n\n<figure class=\"wp-block-image size-full\"><img decoding=\"async\" loading=\"lazy\" width=\"940\" height=\"788\" src=\"https:\/\/www.salvatorianas.org.br\/blog\/wp-content\/uploads\/2025\/12\/6.png\" alt=\"\" class=\"wp-image-22292\" srcset=\"https:\/\/www.salvatorianas.org.br\/blog\/wp-content\/uploads\/2025\/12\/6.png 940w, https:\/\/www.salvatorianas.org.br\/blog\/wp-content\/uploads\/2025\/12\/6-300x251.png 300w, https:\/\/www.salvatorianas.org.br\/blog\/wp-content\/uploads\/2025\/12\/6-768x644.png 768w\" sizes=\"(max-width: 940px) 100vw, 940px\" \/><\/figure>\n\n\n\n<p><\/p>\n\n\n\n<figure class=\"wp-block-image size-full\"><img decoding=\"async\" loading=\"lazy\" width=\"940\" height=\"788\" src=\"https:\/\/www.salvatorianas.org.br\/blog\/wp-content\/uploads\/2025\/12\/7.png\" alt=\"\" class=\"wp-image-22293\" srcset=\"https:\/\/www.salvatorianas.org.br\/blog\/wp-content\/uploads\/2025\/12\/7.png 940w, https:\/\/www.salvatorianas.org.br\/blog\/wp-content\/uploads\/2025\/12\/7-300x251.png 300w, https:\/\/www.salvatorianas.org.br\/blog\/wp-content\/uploads\/2025\/12\/7-768x644.png 768w\" sizes=\"(max-width: 940px) 100vw, 940px\" \/><\/figure>\n\n\n\n<p><\/p>\n\n\n\n<figure class=\"wp-block-image size-full\"><img decoding=\"async\" loading=\"lazy\" width=\"940\" height=\"788\" src=\"https:\/\/www.salvatorianas.org.br\/blog\/wp-content\/uploads\/2025\/12\/8.png\" alt=\"\" class=\"wp-image-22294\" srcset=\"https:\/\/www.salvatorianas.org.br\/blog\/wp-content\/uploads\/2025\/12\/8.png 940w, https:\/\/www.salvatorianas.org.br\/blog\/wp-content\/uploads\/2025\/12\/8-300x251.png 300w, https:\/\/www.salvatorianas.org.br\/blog\/wp-content\/uploads\/2025\/12\/8-768x644.png 768w\" sizes=\"(max-width: 940px) 100vw, 940px\" \/><\/figure>\n\n\n\n<p><\/p>\n\n\n\n<figure class=\"wp-block-image size-full\"><img decoding=\"async\" loading=\"lazy\" width=\"940\" height=\"788\" src=\"https:\/\/www.salvatorianas.org.br\/blog\/wp-content\/uploads\/2025\/12\/9.png\" alt=\"\" class=\"wp-image-22295\" srcset=\"https:\/\/www.salvatorianas.org.br\/blog\/wp-content\/uploads\/2025\/12\/9.png 940w, https:\/\/www.salvatorianas.org.br\/blog\/wp-content\/uploads\/2025\/12\/9-300x251.png 300w, https:\/\/www.salvatorianas.org.br\/blog\/wp-content\/uploads\/2025\/12\/9-768x644.png 768w\" sizes=\"(max-width: 940px) 100vw, 940px\" \/><\/figure>\n\n\n\n<p><\/p>\n\n\n\n<figure class=\"wp-block-image size-full\"><img decoding=\"async\" loading=\"lazy\" width=\"940\" height=\"788\" src=\"https:\/\/www.salvatorianas.org.br\/blog\/wp-content\/uploads\/2025\/12\/10.png\" alt=\"\" class=\"wp-image-22296\" srcset=\"https:\/\/www.salvatorianas.org.br\/blog\/wp-content\/uploads\/2025\/12\/10.png 940w, https:\/\/www.salvatorianas.org.br\/blog\/wp-content\/uploads\/2025\/12\/10-300x251.png 300w, https:\/\/www.salvatorianas.org.br\/blog\/wp-content\/uploads\/2025\/12\/10-768x644.png 768w\" sizes=\"(max-width: 940px) 100vw, 940px\" \/><\/figure>\n\n\n\n<p><\/p>\n\n\n\n<figure class=\"wp-block-image size-full\"><img decoding=\"async\" loading=\"lazy\" width=\"940\" height=\"788\" src=\"https:\/\/www.salvatorianas.org.br\/blog\/wp-content\/uploads\/2025\/12\/11.png\" alt=\"\" class=\"wp-image-22297\" srcset=\"https:\/\/www.salvatorianas.org.br\/blog\/wp-content\/uploads\/2025\/12\/11.png 940w, https:\/\/www.salvatorianas.org.br\/blog\/wp-content\/uploads\/2025\/12\/11-300x251.png 300w, https:\/\/www.salvatorianas.org.br\/blog\/wp-content\/uploads\/2025\/12\/11-768x644.png 768w\" sizes=\"(max-width: 940px) 100vw, 940px\" \/><\/figure>\n\n\n\n<p><\/p>\n\n\n\n<figure class=\"wp-block-image size-full\"><img decoding=\"async\" loading=\"lazy\" width=\"940\" height=\"788\" src=\"https:\/\/www.salvatorianas.org.br\/blog\/wp-content\/uploads\/2025\/12\/12.png\" alt=\"\" class=\"wp-image-22298\" srcset=\"https:\/\/www.salvatorianas.org.br\/blog\/wp-content\/uploads\/2025\/12\/12.png 940w, https:\/\/www.salvatorianas.org.br\/blog\/wp-content\/uploads\/2025\/12\/12-300x251.png 300w, https:\/\/www.salvatorianas.org.br\/blog\/wp-content\/uploads\/2025\/12\/12-768x644.png 768w\" sizes=\"(max-width: 940px) 100vw, 940px\" \/><\/figure>\n\n\n\n<p><\/p>\n\n\n\n<figure class=\"wp-block-image size-full\"><img decoding=\"async\" loading=\"lazy\" width=\"940\" height=\"788\" src=\"https:\/\/www.salvatorianas.org.br\/blog\/wp-content\/uploads\/2025\/12\/13.png\" alt=\"\" class=\"wp-image-22299\" srcset=\"https:\/\/www.salvatorianas.org.br\/blog\/wp-content\/uploads\/2025\/12\/13.png 940w, https:\/\/www.salvatorianas.org.br\/blog\/wp-content\/uploads\/2025\/12\/13-300x251.png 300w, https:\/\/www.salvatorianas.org.br\/blog\/wp-content\/uploads\/2025\/12\/13-768x644.png 768w\" sizes=\"(max-width: 940px) 100vw, 940px\" \/><\/figure>\n\n\n\n<p><\/p>\n\n\n\n<figure class=\"wp-block-image size-full\"><img decoding=\"async\" loading=\"lazy\" width=\"940\" height=\"788\" src=\"https:\/\/www.salvatorianas.org.br\/blog\/wp-content\/uploads\/2025\/12\/14.png\" alt=\"\" class=\"wp-image-22300\" srcset=\"https:\/\/www.salvatorianas.org.br\/blog\/wp-content\/uploads\/2025\/12\/14.png 940w, https:\/\/www.salvatorianas.org.br\/blog\/wp-content\/uploads\/2025\/12\/14-300x251.png 300w, https:\/\/www.salvatorianas.org.br\/blog\/wp-content\/uploads\/2025\/12\/14-768x644.png 768w\" sizes=\"(max-width: 940px) 100vw, 940px\" \/><\/figure>\n","protected":false},"excerpt":{"rendered":"<p>No dia 03 de dezembro, data que marca a chegada das Irm\u00e3s pioneiras no Brasil no ano de 1936,\u00a0 Irm\u00e3s e Formandas da Prov\u00edncia S\u00e3o Paulo e Santa Catarina, Ir. Jacqueline Mwakasu, Vig\u00e1ria&#8230;<\/p>\n","protected":false},"author":2,"featured_media":0,"comment_status":"open","ping_status":"open","sticky":false,"template":"","format":"standard","meta":[],"categories":[1],"tags":[],"_links":{"self":[{"href":"https:\/\/www.salvatorianas.org.br\/blog\/wp-json\/wp\/v2\/posts\/22286"}],"collection":[{"href":"https:\/\/www.salvatorianas.org.br\/blog\/wp-json\/wp\/v2\/posts"}],"about":[{"href":"https:\/\/www.salvatorianas.org.br\/blog\/wp-json\/wp\/v2\/types\/post"}],"author":[{"embeddable":true,"href":"https:\/\/www.salvatorianas.org.br\/blog\/wp-json\/wp\/v2\/users\/2"}],"replies":[{"embeddable":true,"href":"https:\/\/www.salvatorianas.org.br\/blog\/wp-json\/wp\/v2\/comments?post=22286"}],"version-history":[{"count":1,"href":"https:\/\/www.salvatorianas.org.br\/blog\/wp-json\/wp\/v2\/posts\/22286\/revisions"}],"predecessor-version":[{"id":22301,"href":"https:\/\/www.salvatorianas.org.br\/blog\/wp-json\/wp\/v2\/posts\/22286\/revisions\/22301"}],"wp:attachment":[{"href":"https:\/\/www.salvatorianas.org.br\/blog\/wp-json\/wp\/v2\/media?parent=22286"}],"wp:term":[{"taxonomy":"category","embeddable":true,"href":"https:\/\/www.salvatorianas.org.br\/blog\/wp-json\/wp\/v2\/categories?post=22286"},{"taxonomy":"post_tag","embeddable":true,"href":"https:\/\/www.salvatorianas.org.br\/blog\/wp-json\/wp\/v2\/tags?post=22286"}],"curies":[{"name":"wp","href":"https:\/\/api.w.org\/{rel}","templated":true}]}}