{"id":2226,"date":"2015-05-05T00:00:00","date_gmt":"2015-05-05T00:00:00","guid":{"rendered":"https:\/\/www.salvatorianas.org.br\/blog\/diocese-do-brejo-realiza-encontro-de-formacao-biblica\/"},"modified":"2015-05-05T00:00:00","modified_gmt":"2015-05-05T00:00:00","slug":"diocese-do-brejo-realiza-encontro-de-formacao-biblica","status":"publish","type":"post","link":"https:\/\/www.salvatorianas.org.br\/blog\/diocese-do-brejo-realiza-encontro-de-formacao-biblica\/","title":{"rendered":"Diocese do Brejo realiza encontro de forma\u00e7\u00e3o b\u00edblica"},"content":{"rendered":"<p style=\"text-align: justify;\">[imagem1]<\/p>\n<p style=\"text-align: justify;\">&nbsp;<\/p>\n<p style=\"text-align: justify;\">Nos dias 02 e 03 de maio, em Brejo\/MA, realizou-se um encontro de forma&ccedil;&atilde;o b&iacute;blica sobre o Evangelho de Marcos, sob a assessoria da Irm&atilde; Henriqueta Mezzomo. O encontro reuniu mais de 40 pessoas de cinco par&oacute;quias da diocese e contou com a presen&ccedil;a de religiosas, sacerdotes e do bispo diocesano, Dom Jos&eacute; Valdeci.<\/p>\n<p style=\"text-align: justify;\">O estudo b&iacute;blico tem como objetivo formar lideran&ccedil;as, para que possam atuar com mais conhecimento e seguran&ccedil;a nas suas comunidades. O encontro tamb&eacute;m fortalece as lideran&ccedil;as para o seguimento de Jesus Salvador, como disc&iacute;pulos mission&aacute;rios no meio do povo.<\/p>\n","protected":false},"excerpt":{"rendered":"<p>[imagem1] &nbsp; Nos dias 02 e 03 de maio, em Brejo\/MA, realizou-se um encontro de forma&ccedil;&atilde;o b&iacute;blica sobre o Evangelho de Marcos, sob a assessoria da Irm&atilde; Henriqueta Mezzomo. O encontro reuniu mais&#8230;<\/p>\n","protected":false},"author":1,"featured_media":2376,"comment_status":"open","ping_status":"open","sticky":false,"template":"","format":"standard","meta":[],"categories":[1],"tags":[],"_links":{"self":[{"href":"https:\/\/www.salvatorianas.org.br\/blog\/wp-json\/wp\/v2\/posts\/2226"}],"collection":[{"href":"https:\/\/www.salvatorianas.org.br\/blog\/wp-json\/wp\/v2\/posts"}],"about":[{"href":"https:\/\/www.salvatorianas.org.br\/blog\/wp-json\/wp\/v2\/types\/post"}],"author":[{"embeddable":true,"href":"https:\/\/www.salvatorianas.org.br\/blog\/wp-json\/wp\/v2\/users\/1"}],"replies":[{"embeddable":true,"href":"https:\/\/www.salvatorianas.org.br\/blog\/wp-json\/wp\/v2\/comments?post=2226"}],"version-history":[{"count":0,"href":"https:\/\/www.salvatorianas.org.br\/blog\/wp-json\/wp\/v2\/posts\/2226\/revisions"}],"wp:featuredmedia":[{"embeddable":true,"href":"https:\/\/www.salvatorianas.org.br\/blog\/wp-json\/wp\/v2\/media\/2376"}],"wp:attachment":[{"href":"https:\/\/www.salvatorianas.org.br\/blog\/wp-json\/wp\/v2\/media?parent=2226"}],"wp:term":[{"taxonomy":"category","embeddable":true,"href":"https:\/\/www.salvatorianas.org.br\/blog\/wp-json\/wp\/v2\/categories?post=2226"},{"taxonomy":"post_tag","embeddable":true,"href":"https:\/\/www.salvatorianas.org.br\/blog\/wp-json\/wp\/v2\/tags?post=2226"}],"curies":[{"name":"wp","href":"https:\/\/api.w.org\/{rel}","templated":true}]}}