{"id":22246,"date":"2025-09-20T18:21:52","date_gmt":"2025-09-20T18:21:52","guid":{"rendered":"https:\/\/www.salvatorianas.org.br\/blog\/?p=22246"},"modified":"2025-09-20T18:21:54","modified_gmt":"2025-09-20T18:21:54","slug":"primeiro-seminario-salvatoriano-de-projetos-socioambientais","status":"publish","type":"post","link":"https:\/\/www.salvatorianas.org.br\/blog\/primeiro-seminario-salvatoriano-de-projetos-socioambientais\/","title":{"rendered":"Primeiro Semin\u00e1rio Salvatoriano de Projetos Socioambientais"},"content":{"rendered":"\n<p>Nos dias <strong>17 e 18 de setembro de 2025<\/strong>, vivemos um momento especial de gra\u00e7a e compromisso com a vida: o <strong>1\u00ba Semin\u00e1rio Salvatoriano de Projetos Socioambientais<\/strong>. Estiveram reunidas as <strong>Irm\u00e3s Salvatorianas<\/strong>, juntamente com representantes dos projetos que acompanhamos e apoiamos, para sonhar, partilhar e fortalecer caminhos.<\/p>\n\n\n\n<p>Guiados pelo <strong>tema<\/strong>: <em>\u201cAproximar prop\u00f3sitos para fortalecer a miss\u00e3o\u201d<\/em> e pelo <strong>lema<\/strong>: <em>\u201cAlarguem seus cora\u00e7\u00f5es\u201d<\/em>, buscamos aprofundar a viv\u00eancia do <strong>carisma salvatoriano<\/strong>, que nos convida a anunciar o Salvador com todas as for\u00e7as, em todos os lugares e com todos os meios que o amor de Deus inspira.<\/p>\n\n\n\n<p>O <strong>objetivo do Semin\u00e1rio<\/strong> foi reunir as lideran\u00e7as dos projetos socioambientais, abrir espa\u00e7o de partilha, ampliar conhecimentos e dar in\u00edcio a uma trajet\u00f3ria conjunta, capaz de fortalecer a miss\u00e3o de <strong>cuidar da vida e da Casa Comum<\/strong>, em sintonia com o Evangelho e a inspira\u00e7\u00e3o de nosso fundador, <strong>o Bem-aventurado Francisco Jordan<\/strong>.<\/p>\n\n\n\n<p>Durante a programa\u00e7\u00e3o, fomos enriquecidos por <strong>quatro pain\u00e9is<\/strong>:<\/p>\n\n\n\n<ol type=\"1\" start=\"1\">\n<li><strong>Conhecendo o N\u00facleo Salvatoriano de Projetos Socioambientais<\/strong> \u2013 espa\u00e7o que articula, acompanha e fortalece iniciativas em defesa da vida.<\/li>\n\n\n\n<li><strong>O Carisma Salvatoriano: fonte que inspira escolhas<\/strong> \u2013 lembrando que \u00e9 no cora\u00e7\u00e3o do carisma que encontramos motiva\u00e7\u00f5es para servir e transformar a realidade.<\/li>\n\n\n\n<li><strong>Dignidade da pessoa humana e o direito fundamental a um meio ambiente ecologicamente equilibrado<\/strong> \u2013 uma rela\u00e7\u00e3o necess\u00e1ria ao cuidado da Casa Comum &#8211; reflex\u00e3o valiosa \u00e0 luz da Constitui\u00e7\u00e3o Federal do Brasil.<\/li>\n\n\n\n<li><strong>Elabora\u00e7\u00e3o de projetos e sua import\u00e2ncia na vida de grupos e organiza\u00e7\u00f5es<\/strong> \u2013 ferramenta essencial para qualificar a miss\u00e3o e dar sustentabilidade \u00e0s a\u00e7\u00f5es.<\/li>\n<\/ol>\n\n\n\n<p>Foram dias de <strong>partilha fraterna, ora\u00e7\u00e3o e aprendizado<\/strong>, que nos impulsionam a continuar tecendo redes de esperan\u00e7a e solidariedade organizada. O Semin\u00e1rio reafirmou nosso desejo de caminhar em unidade, iluminados pelo Esp\u00edrito Santo, para que o carisma salvatoriano siga sendo <strong>fonte de vida, justi\u00e7a e cuidado para todas as pessoas e para toda a cria\u00e7\u00e3o<\/strong>.<\/p>\n\n\n\n<p><\/p>\n\n\n\n<figure class=\"wp-block-image size-full is-resized\"><img decoding=\"async\" loading=\"lazy\" src=\"https:\/\/www.salvatorianas.org.br\/blog\/wp-content\/uploads\/2025\/09\/2.png\" alt=\"\" class=\"wp-image-22249\" width=\"705\" height=\"591\" srcset=\"https:\/\/www.salvatorianas.org.br\/blog\/wp-content\/uploads\/2025\/09\/2.png 940w, https:\/\/www.salvatorianas.org.br\/blog\/wp-content\/uploads\/2025\/09\/2-300x251.png 300w, https:\/\/www.salvatorianas.org.br\/blog\/wp-content\/uploads\/2025\/09\/2-768x644.png 768w\" sizes=\"(max-width: 705px) 100vw, 705px\" \/><\/figure>\n\n\n\n<p><\/p>\n\n\n\n<figure class=\"wp-block-image size-full is-resized\"><img decoding=\"async\" loading=\"lazy\" src=\"https:\/\/www.salvatorianas.org.br\/blog\/wp-content\/uploads\/2025\/09\/3.png\" alt=\"\" class=\"wp-image-22250\" width=\"705\" height=\"591\" srcset=\"https:\/\/www.salvatorianas.org.br\/blog\/wp-content\/uploads\/2025\/09\/3.png 940w, https:\/\/www.salvatorianas.org.br\/blog\/wp-content\/uploads\/2025\/09\/3-300x251.png 300w, https:\/\/www.salvatorianas.org.br\/blog\/wp-content\/uploads\/2025\/09\/3-768x644.png 768w\" sizes=\"(max-width: 705px) 100vw, 705px\" \/><\/figure>\n\n\n\n<p><\/p>\n\n\n\n<figure class=\"wp-block-image size-full is-resized\"><img decoding=\"async\" loading=\"lazy\" src=\"https:\/\/www.salvatorianas.org.br\/blog\/wp-content\/uploads\/2025\/09\/4.png\" alt=\"\" class=\"wp-image-22251\" width=\"705\" height=\"591\" srcset=\"https:\/\/www.salvatorianas.org.br\/blog\/wp-content\/uploads\/2025\/09\/4.png 940w, https:\/\/www.salvatorianas.org.br\/blog\/wp-content\/uploads\/2025\/09\/4-300x251.png 300w, https:\/\/www.salvatorianas.org.br\/blog\/wp-content\/uploads\/2025\/09\/4-768x644.png 768w\" sizes=\"(max-width: 705px) 100vw, 705px\" \/><\/figure>\n\n\n\n<p><\/p>\n\n\n\n<figure class=\"wp-block-image size-full is-resized\"><img decoding=\"async\" loading=\"lazy\" src=\"https:\/\/www.salvatorianas.org.br\/blog\/wp-content\/uploads\/2025\/09\/5.png\" alt=\"\" class=\"wp-image-22252\" width=\"705\" height=\"591\" srcset=\"https:\/\/www.salvatorianas.org.br\/blog\/wp-content\/uploads\/2025\/09\/5.png 940w, https:\/\/www.salvatorianas.org.br\/blog\/wp-content\/uploads\/2025\/09\/5-300x251.png 300w, https:\/\/www.salvatorianas.org.br\/blog\/wp-content\/uploads\/2025\/09\/5-768x644.png 768w\" sizes=\"(max-width: 705px) 100vw, 705px\" \/><\/figure>\n\n\n\n<figure class=\"wp-block-image size-full is-resized\"><img decoding=\"async\" loading=\"lazy\" src=\"https:\/\/www.salvatorianas.org.br\/blog\/wp-content\/uploads\/2025\/09\/6.png\" alt=\"\" class=\"wp-image-22253\" width=\"705\" height=\"591\" srcset=\"https:\/\/www.salvatorianas.org.br\/blog\/wp-content\/uploads\/2025\/09\/6.png 940w, https:\/\/www.salvatorianas.org.br\/blog\/wp-content\/uploads\/2025\/09\/6-300x251.png 300w, https:\/\/www.salvatorianas.org.br\/blog\/wp-content\/uploads\/2025\/09\/6-768x644.png 768w\" sizes=\"(max-width: 705px) 100vw, 705px\" \/><\/figure>\n\n\n\n<p><\/p>\n\n\n\n<figure class=\"wp-block-image size-full is-resized\"><img decoding=\"async\" loading=\"lazy\" src=\"https:\/\/www.salvatorianas.org.br\/blog\/wp-content\/uploads\/2025\/09\/7.png\" alt=\"\" class=\"wp-image-22254\" width=\"705\" height=\"591\" srcset=\"https:\/\/www.salvatorianas.org.br\/blog\/wp-content\/uploads\/2025\/09\/7.png 940w, https:\/\/www.salvatorianas.org.br\/blog\/wp-content\/uploads\/2025\/09\/7-300x251.png 300w, https:\/\/www.salvatorianas.org.br\/blog\/wp-content\/uploads\/2025\/09\/7-768x644.png 768w\" sizes=\"(max-width: 705px) 100vw, 705px\" \/><\/figure>\n\n\n\n<p><\/p>\n\n\n\n<figure class=\"wp-block-image size-full is-resized\"><img decoding=\"async\" loading=\"lazy\" src=\"https:\/\/www.salvatorianas.org.br\/blog\/wp-content\/uploads\/2025\/09\/8.png\" alt=\"\" class=\"wp-image-22255\" width=\"705\" height=\"591\" srcset=\"https:\/\/www.salvatorianas.org.br\/blog\/wp-content\/uploads\/2025\/09\/8.png 940w, https:\/\/www.salvatorianas.org.br\/blog\/wp-content\/uploads\/2025\/09\/8-300x251.png 300w, https:\/\/www.salvatorianas.org.br\/blog\/wp-content\/uploads\/2025\/09\/8-768x644.png 768w\" sizes=\"(max-width: 705px) 100vw, 705px\" \/><\/figure>\n\n\n\n<p><\/p>\n\n\n\n<figure class=\"wp-block-image size-full is-resized\"><img decoding=\"async\" loading=\"lazy\" src=\"https:\/\/www.salvatorianas.org.br\/blog\/wp-content\/uploads\/2025\/09\/9.png\" alt=\"\" class=\"wp-image-22256\" width=\"705\" height=\"591\" srcset=\"https:\/\/www.salvatorianas.org.br\/blog\/wp-content\/uploads\/2025\/09\/9.png 940w, https:\/\/www.salvatorianas.org.br\/blog\/wp-content\/uploads\/2025\/09\/9-300x251.png 300w, https:\/\/www.salvatorianas.org.br\/blog\/wp-content\/uploads\/2025\/09\/9-768x644.png 768w\" sizes=\"(max-width: 705px) 100vw, 705px\" \/><\/figure>\n\n\n\n<p><\/p>\n\n\n\n<figure class=\"wp-block-image size-full is-resized\"><img decoding=\"async\" loading=\"lazy\" src=\"https:\/\/www.salvatorianas.org.br\/blog\/wp-content\/uploads\/2025\/09\/10-1.png\" alt=\"\" class=\"wp-image-22257\" width=\"705\" height=\"591\" srcset=\"https:\/\/www.salvatorianas.org.br\/blog\/wp-content\/uploads\/2025\/09\/10-1.png 940w, https:\/\/www.salvatorianas.org.br\/blog\/wp-content\/uploads\/2025\/09\/10-1-300x251.png 300w, https:\/\/www.salvatorianas.org.br\/blog\/wp-content\/uploads\/2025\/09\/10-1-768x644.png 768w\" sizes=\"(max-width: 705px) 100vw, 705px\" \/><\/figure>\n","protected":false},"excerpt":{"rendered":"<p>Nos dias 17 e 18 de setembro de 2025, vivemos um momento especial de gra\u00e7a e compromisso com a vida: o 1\u00ba Semin\u00e1rio Salvatoriano de Projetos Socioambientais. Estiveram reunidas as Irm\u00e3s Salvatorianas, juntamente&#8230;<\/p>\n","protected":false},"author":2,"featured_media":22248,"comment_status":"open","ping_status":"open","sticky":false,"template":"","format":"standard","meta":[],"categories":[1],"tags":[],"_links":{"self":[{"href":"https:\/\/www.salvatorianas.org.br\/blog\/wp-json\/wp\/v2\/posts\/22246"}],"collection":[{"href":"https:\/\/www.salvatorianas.org.br\/blog\/wp-json\/wp\/v2\/posts"}],"about":[{"href":"https:\/\/www.salvatorianas.org.br\/blog\/wp-json\/wp\/v2\/types\/post"}],"author":[{"embeddable":true,"href":"https:\/\/www.salvatorianas.org.br\/blog\/wp-json\/wp\/v2\/users\/2"}],"replies":[{"embeddable":true,"href":"https:\/\/www.salvatorianas.org.br\/blog\/wp-json\/wp\/v2\/comments?post=22246"}],"version-history":[{"count":2,"href":"https:\/\/www.salvatorianas.org.br\/blog\/wp-json\/wp\/v2\/posts\/22246\/revisions"}],"predecessor-version":[{"id":22259,"href":"https:\/\/www.salvatorianas.org.br\/blog\/wp-json\/wp\/v2\/posts\/22246\/revisions\/22259"}],"wp:featuredmedia":[{"embeddable":true,"href":"https:\/\/www.salvatorianas.org.br\/blog\/wp-json\/wp\/v2\/media\/22248"}],"wp:attachment":[{"href":"https:\/\/www.salvatorianas.org.br\/blog\/wp-json\/wp\/v2\/media?parent=22246"}],"wp:term":[{"taxonomy":"category","embeddable":true,"href":"https:\/\/www.salvatorianas.org.br\/blog\/wp-json\/wp\/v2\/categories?post=22246"},{"taxonomy":"post_tag","embeddable":true,"href":"https:\/\/www.salvatorianas.org.br\/blog\/wp-json\/wp\/v2\/tags?post=22246"}],"curies":[{"name":"wp","href":"https:\/\/api.w.org\/{rel}","templated":true}]}}