{"id":2224,"date":"2015-05-06T00:00:00","date_gmt":"2015-05-06T00:00:00","guid":{"rendered":"https:\/\/www.salvatorianas.org.br\/blog\/novicas-partilham-experiencia-apostolica-em-sao-miguel-do-oeste\/"},"modified":"2015-05-06T00:00:00","modified_gmt":"2015-05-06T00:00:00","slug":"novicas-partilham-experiencia-apostolica-em-sao-miguel-do-oeste","status":"publish","type":"post","link":"https:\/\/www.salvatorianas.org.br\/blog\/novicas-partilham-experiencia-apostolica-em-sao-miguel-do-oeste\/","title":{"rendered":"Novi\u00e7as partilham experi\u00eancia apost\u00f3lica em S\u00e3o Miguel do Oeste"},"content":{"rendered":"<p style=\"text-align: justify;\">[imagem1]<\/p>\n<p style=\"text-align: justify;\">&nbsp;<\/p>\n<p style=\"text-align: justify;\">Partilhar nossa experi&ecirc;ncia realizada nos meses de mar&ccedil;o e abril, em S&atilde;o Miguel do Oeste\/SC, &eacute; partilhar alegria, acolhida, amizade, incultura&ccedil;&atilde;o, um tempo de gra&ccedil;a, de forma&ccedil;&atilde;o, de partilha, de aprendizado, de desafios, de sentimentos profundos e de escuta. &Eacute; tamb&eacute;m uma forma de manifestar o jeito diferente de ser igreja com e no meio do povo.<\/p>\n<p style=\"text-align: justify;\">Foi uma oportunidade de mudar muitas estruturas e fortalecer a espiritualidade na viv&ecirc;ncia cotidiana. Nossa experi&ecirc;ncia foi marcada na caminhada com o povo que busca a liberdade, defende os seus direitos e &eacute; coerente com a Palavra de Deus.<\/p>\n<p style=\"text-align: justify;\">Na experi&ecirc;ncia de caminhada com as Irm&atilde;s,&nbsp;percebemos nelas o esp&iacute;rito mission&aacute;rio e universal no meio do povo, sem nenhuma distin&ccedil;&atilde;o. Encontramo-nos e interagimos com a equipe paroquial, um grupo que trabalha em comunh&atilde;o e que envolve o povo e as lideran&ccedil;as. Este esp&iacute;rito mission&aacute;rio &eacute; algo concreto, que parte da ora&ccedil;&atilde;o e vai se estendendo no meio do povo onde juntos fizemos acontecer &agrave; vida como diz o papa Francisco: <em>&ldquo;prefiro uma igreja em sa&iacute;da enlameada acidentada ferida, por sair nas ruas&rdquo;<\/em>. Nestes poucos meses de experi&ecirc;ncias pudemos concretizar este convite.<\/p>\n<p style=\"text-align: justify;\">Fica aqui nosso compromisso de nos deixar tocar por esta realidade gritante e responder aos apelos de Deus.<\/p>\n<p style=\"text-align: justify;\">&nbsp;<\/p>\n<p style=\"text-align: justify;\"><strong>Novi&ccedil;as:<\/strong> Mayra Alejandra Arag&oacute;n Ceballos e&nbsp;Joana Orlando Janu&aacute;rio<\/p>\n","protected":false},"excerpt":{"rendered":"<p>[imagem1] &nbsp; Partilhar nossa experi&ecirc;ncia realizada nos meses de mar&ccedil;o e abril, em S&atilde;o Miguel do Oeste\/SC, &eacute; partilhar alegria, acolhida, amizade, incultura&ccedil;&atilde;o, um tempo de gra&ccedil;a, de forma&ccedil;&atilde;o, de partilha, de aprendizado,&#8230;<\/p>\n","protected":false},"author":1,"featured_media":2390,"comment_status":"open","ping_status":"open","sticky":false,"template":"","format":"standard","meta":[],"categories":[1],"tags":[],"_links":{"self":[{"href":"https:\/\/www.salvatorianas.org.br\/blog\/wp-json\/wp\/v2\/posts\/2224"}],"collection":[{"href":"https:\/\/www.salvatorianas.org.br\/blog\/wp-json\/wp\/v2\/posts"}],"about":[{"href":"https:\/\/www.salvatorianas.org.br\/blog\/wp-json\/wp\/v2\/types\/post"}],"author":[{"embeddable":true,"href":"https:\/\/www.salvatorianas.org.br\/blog\/wp-json\/wp\/v2\/users\/1"}],"replies":[{"embeddable":true,"href":"https:\/\/www.salvatorianas.org.br\/blog\/wp-json\/wp\/v2\/comments?post=2224"}],"version-history":[{"count":0,"href":"https:\/\/www.salvatorianas.org.br\/blog\/wp-json\/wp\/v2\/posts\/2224\/revisions"}],"wp:featuredmedia":[{"embeddable":true,"href":"https:\/\/www.salvatorianas.org.br\/blog\/wp-json\/wp\/v2\/media\/2390"}],"wp:attachment":[{"href":"https:\/\/www.salvatorianas.org.br\/blog\/wp-json\/wp\/v2\/media?parent=2224"}],"wp:term":[{"taxonomy":"category","embeddable":true,"href":"https:\/\/www.salvatorianas.org.br\/blog\/wp-json\/wp\/v2\/categories?post=2224"},{"taxonomy":"post_tag","embeddable":true,"href":"https:\/\/www.salvatorianas.org.br\/blog\/wp-json\/wp\/v2\/tags?post=2224"}],"curies":[{"name":"wp","href":"https:\/\/api.w.org\/{rel}","templated":true}]}}