{"id":2222,"date":"2015-05-08T00:00:00","date_gmt":"2015-05-08T00:00:00","guid":{"rendered":"https:\/\/www.salvatorianas.org.br\/blog\/experiencia-apostolica-das-novicas-em-videira\/"},"modified":"2015-05-08T00:00:00","modified_gmt":"2015-05-08T00:00:00","slug":"experiencia-apostolica-das-novicas-em-videira","status":"publish","type":"post","link":"https:\/\/www.salvatorianas.org.br\/blog\/experiencia-apostolica-das-novicas-em-videira\/","title":{"rendered":"Experi\u00eancia Apost\u00f3lica das novi\u00e7as em Videira"},"content":{"rendered":"<p style=\"text-align: justify;\">[imagem1]<\/p>\n<p style=\"text-align: center;\">&nbsp;<\/p>\n<p style=\"text-align: center;\"><strong>&ldquo;Penso, muitas vezes, que a maior parte das pessoas que se perdem, se perdem por falta de ensino.&rdquo;&nbsp;<\/strong>(Pe. Jordan)<\/p>\n<p style=\"text-align: justify;\"><strong>&nbsp;<\/strong><\/p>\n<p style=\"text-align: justify;\"><strong>&nbsp;<\/strong>Com alegria queremos partilhar momentos importantes de nossa experi&ecirc;ncia apost&oacute;lica, em Videira\/SC, que aconteceu nos meses de mar&ccedil;o e abril, no Col&eacute;gio Salvatoriano Imaculada Concei&ccedil;&atilde;o e no Hospital Salvatoriano Divino Salvador (HSDS).<\/p>\n<p style=\"text-align: justify;\">&nbsp;Foi uma experi&ecirc;ncia muito rica, desafiadora e gratificante. No Col&eacute;gio tivemos a oportunidade de trabalhar com todas as turmas, do Ensino Integral ao Ensino M&eacute;dio, com a Oficina de Valores, Espiritualidade na primeira Inf&acirc;ncia e Auxiliar de turmas no Ensino Fundamental. Isto agregou muitos valores e discernimento para nossa caminhada vocacional-mission&aacute;ria.<\/p>\n<p style=\"text-align: justify;\">&nbsp;No Hospital Divino Salvador, desfrutamos tamb&eacute;m de uma experi&ecirc;ncia muito boa, nova e questionadora, no sentido profissional e mission&aacute;rio. L&aacute;, pudemos ter contato com pacientes e funcion&aacute;rios, acompanhando de perto o trabalho de alguns setores e tamb&eacute;m participando da Turma Alegria Toda Hora, assim conseguimos ter uma vis&atilde;o ampla da miss&atilde;o salvatoriana com a sa&uacute;de.<\/p>\n<p style=\"text-align: justify;\">&nbsp;Esta experi&ecirc;ncia serviu tamb&eacute;m para o crescimento na vida comunit&aacute;ria, j&aacute; que possibilitou sentir e ver mais de perto a viv&ecirc;ncia di&aacute;ria de nossas comunidades, tanto das Irm&atilde;s da Comunidade Imaculada Concei&ccedil;&atilde;o, quanto das Irm&atilde;s da Comunidade Divino Salvador.<\/p>\n<p style=\"text-align: justify;\"><strong>&nbsp;Novi&ccedil;as:<\/strong> Emirian Oliveira da Assun&ccedil;&atilde;o, J&eacute;ssica Marcela Louren&ccedil;o e Marby Gimena Cuelt&atilde;n R&oacute;jas<\/p>\n","protected":false},"excerpt":{"rendered":"<p>[imagem1] &nbsp; &ldquo;Penso, muitas vezes, que a maior parte das pessoas que se perdem, se perdem por falta de ensino.&rdquo;&nbsp;(Pe. Jordan) &nbsp; &nbsp;Com alegria queremos partilhar momentos importantes de nossa experi&ecirc;ncia apost&oacute;lica, em&#8230;<\/p>\n","protected":false},"author":1,"featured_media":2387,"comment_status":"open","ping_status":"open","sticky":false,"template":"","format":"standard","meta":[],"categories":[1],"tags":[],"_links":{"self":[{"href":"https:\/\/www.salvatorianas.org.br\/blog\/wp-json\/wp\/v2\/posts\/2222"}],"collection":[{"href":"https:\/\/www.salvatorianas.org.br\/blog\/wp-json\/wp\/v2\/posts"}],"about":[{"href":"https:\/\/www.salvatorianas.org.br\/blog\/wp-json\/wp\/v2\/types\/post"}],"author":[{"embeddable":true,"href":"https:\/\/www.salvatorianas.org.br\/blog\/wp-json\/wp\/v2\/users\/1"}],"replies":[{"embeddable":true,"href":"https:\/\/www.salvatorianas.org.br\/blog\/wp-json\/wp\/v2\/comments?post=2222"}],"version-history":[{"count":0,"href":"https:\/\/www.salvatorianas.org.br\/blog\/wp-json\/wp\/v2\/posts\/2222\/revisions"}],"wp:featuredmedia":[{"embeddable":true,"href":"https:\/\/www.salvatorianas.org.br\/blog\/wp-json\/wp\/v2\/media\/2387"}],"wp:attachment":[{"href":"https:\/\/www.salvatorianas.org.br\/blog\/wp-json\/wp\/v2\/media?parent=2222"}],"wp:term":[{"taxonomy":"category","embeddable":true,"href":"https:\/\/www.salvatorianas.org.br\/blog\/wp-json\/wp\/v2\/categories?post=2222"},{"taxonomy":"post_tag","embeddable":true,"href":"https:\/\/www.salvatorianas.org.br\/blog\/wp-json\/wp\/v2\/tags?post=2222"}],"curies":[{"name":"wp","href":"https:\/\/api.w.org\/{rel}","templated":true}]}}