{"id":22196,"date":"2024-08-14T16:59:18","date_gmt":"2024-08-14T16:59:18","guid":{"rendered":"https:\/\/www.salvatorianas.org.br\/blog\/?p=22196"},"modified":"2024-08-14T16:59:19","modified_gmt":"2024-08-14T16:59:19","slug":"retiro-de-diretores-e-gestores-rede-salvatoriana","status":"publish","type":"post","link":"https:\/\/www.salvatorianas.org.br\/blog\/retiro-de-diretores-e-gestores-rede-salvatoriana\/","title":{"rendered":"RETIRO DE DIRETORES E GESTORES \u2013 REDE SALVATORIANA"},"content":{"rendered":"\n<p><br>Florian\u00f3polis, 13 a 16 de agosto\/2024<\/p>\n\n\n\n<p>Tema: \u201cViver a Voca\u00e7\u00e3o \u00e0 santidade no caminho das Bem-aventuran\u00e7as\u201d.<\/p>\n\n\n\n<p>Horizonte: Oferecer uma oportunidade para uma experi\u00eancia de Deus e uma espiritualidade integral. A santidade n\u00e3o como vida extraordin\u00e1ria, mas experi\u00eancia no cotidiano. Agregar o sentido e vis\u00e3o hist\u00f3rica da santidade na \u00f3tica salvatoriana.<\/p>\n\n\n\n<p>Orientadoras: Irm\u00e3s In\u00eas Boesing, Dulcelene&nbsp;Ceccato<\/p>\n\n\n\n<figure class=\"wp-block-image size-large\"><img decoding=\"async\" loading=\"lazy\" width=\"1024\" height=\"769\" src=\"https:\/\/www.salvatorianas.org.br\/blog\/wp-content\/uploads\/2024\/08\/Imagem-do-WhatsApp-de-2024-08-14-as-12.09.10_092c394a-1024x769.jpg\" alt=\"\" class=\"wp-image-22197\" srcset=\"https:\/\/www.salvatorianas.org.br\/blog\/wp-content\/uploads\/2024\/08\/Imagem-do-WhatsApp-de-2024-08-14-as-12.09.10_092c394a-1024x769.jpg 1024w, https:\/\/www.salvatorianas.org.br\/blog\/wp-content\/uploads\/2024\/08\/Imagem-do-WhatsApp-de-2024-08-14-as-12.09.10_092c394a-300x225.jpg 300w, https:\/\/www.salvatorianas.org.br\/blog\/wp-content\/uploads\/2024\/08\/Imagem-do-WhatsApp-de-2024-08-14-as-12.09.10_092c394a-768x576.jpg 768w, https:\/\/www.salvatorianas.org.br\/blog\/wp-content\/uploads\/2024\/08\/Imagem-do-WhatsApp-de-2024-08-14-as-12.09.10_092c394a-1536x1153.jpg 1536w, https:\/\/www.salvatorianas.org.br\/blog\/wp-content\/uploads\/2024\/08\/Imagem-do-WhatsApp-de-2024-08-14-as-12.09.10_092c394a.jpg 1600w\" sizes=\"(max-width: 1024px) 100vw, 1024px\" \/><\/figure>\n\n\n\n<figure class=\"wp-block-image size-large\"><img decoding=\"async\" loading=\"lazy\" width=\"1024\" height=\"769\" src=\"https:\/\/www.salvatorianas.org.br\/blog\/wp-content\/uploads\/2024\/08\/Imagem-do-WhatsApp-de-2024-08-14-as-12.09.10_cc6db21b-1024x769.jpg\" alt=\"\" class=\"wp-image-22198\" srcset=\"https:\/\/www.salvatorianas.org.br\/blog\/wp-content\/uploads\/2024\/08\/Imagem-do-WhatsApp-de-2024-08-14-as-12.09.10_cc6db21b-1024x769.jpg 1024w, https:\/\/www.salvatorianas.org.br\/blog\/wp-content\/uploads\/2024\/08\/Imagem-do-WhatsApp-de-2024-08-14-as-12.09.10_cc6db21b-300x225.jpg 300w, https:\/\/www.salvatorianas.org.br\/blog\/wp-content\/uploads\/2024\/08\/Imagem-do-WhatsApp-de-2024-08-14-as-12.09.10_cc6db21b-768x576.jpg 768w, https:\/\/www.salvatorianas.org.br\/blog\/wp-content\/uploads\/2024\/08\/Imagem-do-WhatsApp-de-2024-08-14-as-12.09.10_cc6db21b-1536x1153.jpg 1536w, https:\/\/www.salvatorianas.org.br\/blog\/wp-content\/uploads\/2024\/08\/Imagem-do-WhatsApp-de-2024-08-14-as-12.09.10_cc6db21b.jpg 1600w\" sizes=\"(max-width: 1024px) 100vw, 1024px\" \/><\/figure>\n","protected":false},"excerpt":{"rendered":"<p>Florian\u00f3polis, 13 a 16 de agosto\/2024 Tema: \u201cViver a Voca\u00e7\u00e3o \u00e0 santidade no caminho das Bem-aventuran\u00e7as\u201d. Horizonte: Oferecer uma oportunidade para uma experi\u00eancia de Deus e uma espiritualidade integral. A santidade n\u00e3o como&#8230;<\/p>\n","protected":false},"author":2,"featured_media":22199,"comment_status":"open","ping_status":"open","sticky":false,"template":"","format":"standard","meta":[],"categories":[1],"tags":[],"_links":{"self":[{"href":"https:\/\/www.salvatorianas.org.br\/blog\/wp-json\/wp\/v2\/posts\/22196"}],"collection":[{"href":"https:\/\/www.salvatorianas.org.br\/blog\/wp-json\/wp\/v2\/posts"}],"about":[{"href":"https:\/\/www.salvatorianas.org.br\/blog\/wp-json\/wp\/v2\/types\/post"}],"author":[{"embeddable":true,"href":"https:\/\/www.salvatorianas.org.br\/blog\/wp-json\/wp\/v2\/users\/2"}],"replies":[{"embeddable":true,"href":"https:\/\/www.salvatorianas.org.br\/blog\/wp-json\/wp\/v2\/comments?post=22196"}],"version-history":[{"count":1,"href":"https:\/\/www.salvatorianas.org.br\/blog\/wp-json\/wp\/v2\/posts\/22196\/revisions"}],"predecessor-version":[{"id":22200,"href":"https:\/\/www.salvatorianas.org.br\/blog\/wp-json\/wp\/v2\/posts\/22196\/revisions\/22200"}],"wp:featuredmedia":[{"embeddable":true,"href":"https:\/\/www.salvatorianas.org.br\/blog\/wp-json\/wp\/v2\/media\/22199"}],"wp:attachment":[{"href":"https:\/\/www.salvatorianas.org.br\/blog\/wp-json\/wp\/v2\/media?parent=22196"}],"wp:term":[{"taxonomy":"category","embeddable":true,"href":"https:\/\/www.salvatorianas.org.br\/blog\/wp-json\/wp\/v2\/categories?post=22196"},{"taxonomy":"post_tag","embeddable":true,"href":"https:\/\/www.salvatorianas.org.br\/blog\/wp-json\/wp\/v2\/tags?post=22196"}],"curies":[{"name":"wp","href":"https:\/\/api.w.org\/{rel}","templated":true}]}}