{"id":22177,"date":"2024-08-11T16:37:33","date_gmt":"2024-08-11T16:37:33","guid":{"rendered":"https:\/\/www.salvatorianas.org.br\/blog\/?p=22177"},"modified":"2024-08-11T16:37:34","modified_gmt":"2024-08-11T16:37:34","slug":"postulinter","status":"publish","type":"post","link":"https:\/\/www.salvatorianas.org.br\/blog\/postulinter\/","title":{"rendered":"POSTULINTER"},"content":{"rendered":"\n<p><\/p>\n\n\n\n<p>Entre os dias 02 a 04 de agosto de 2024, a Postulante Andreza Ribeiro Silva, participou do encontro do postulinter em Salvador\/BA, acompanhada da Irm\u00e3 Maria Senhora da Concei\u00e7\u00e3o. O mesmo teve como tema &#8220;necessidades, valores e atitudes&#8221;, contando com a presen\u00e7a dos formandos e respectivos formadores da CRB regional BA\/SE.<\/p>\n\n\n\n<p>O encontro teve enfoque no autoconhecimento, trazendo a import\u00e2ncia de se reconhecer como um ser integral, provido de sentimentos, desejos,&nbsp; necessidades, defeitos e limita\u00e7\u00f5es e carregando influ\u00eancias e padr\u00f5es do meio em que estamos inseridos.<\/p>\n\n\n\n<p>Assim como na vida religiosa o contato com outro \u00e9 constante, seja na vida comunit\u00e1ria ou social. Por isso, \u00e9 necess\u00e1rio entender o seu \u00edntimo, para uma viv\u00eancia saud\u00e1vel consigo mesmo e com o pr\u00f3ximo.<\/p>\n","protected":false},"excerpt":{"rendered":"<p>Entre os dias 02 a 04 de agosto de 2024, a Postulante Andreza Ribeiro Silva, participou do encontro do postulinter em Salvador\/BA, acompanhada da Irm\u00e3 Maria Senhora da Concei\u00e7\u00e3o. O mesmo teve como&#8230;<\/p>\n","protected":false},"author":2,"featured_media":22178,"comment_status":"open","ping_status":"open","sticky":false,"template":"","format":"standard","meta":[],"categories":[1],"tags":[],"_links":{"self":[{"href":"https:\/\/www.salvatorianas.org.br\/blog\/wp-json\/wp\/v2\/posts\/22177"}],"collection":[{"href":"https:\/\/www.salvatorianas.org.br\/blog\/wp-json\/wp\/v2\/posts"}],"about":[{"href":"https:\/\/www.salvatorianas.org.br\/blog\/wp-json\/wp\/v2\/types\/post"}],"author":[{"embeddable":true,"href":"https:\/\/www.salvatorianas.org.br\/blog\/wp-json\/wp\/v2\/users\/2"}],"replies":[{"embeddable":true,"href":"https:\/\/www.salvatorianas.org.br\/blog\/wp-json\/wp\/v2\/comments?post=22177"}],"version-history":[{"count":1,"href":"https:\/\/www.salvatorianas.org.br\/blog\/wp-json\/wp\/v2\/posts\/22177\/revisions"}],"predecessor-version":[{"id":22179,"href":"https:\/\/www.salvatorianas.org.br\/blog\/wp-json\/wp\/v2\/posts\/22177\/revisions\/22179"}],"wp:featuredmedia":[{"embeddable":true,"href":"https:\/\/www.salvatorianas.org.br\/blog\/wp-json\/wp\/v2\/media\/22178"}],"wp:attachment":[{"href":"https:\/\/www.salvatorianas.org.br\/blog\/wp-json\/wp\/v2\/media?parent=22177"}],"wp:term":[{"taxonomy":"category","embeddable":true,"href":"https:\/\/www.salvatorianas.org.br\/blog\/wp-json\/wp\/v2\/categories?post=22177"},{"taxonomy":"post_tag","embeddable":true,"href":"https:\/\/www.salvatorianas.org.br\/blog\/wp-json\/wp\/v2\/tags?post=22177"}],"curies":[{"name":"wp","href":"https:\/\/api.w.org\/{rel}","templated":true}]}}