{"id":22168,"date":"2024-08-11T16:23:34","date_gmt":"2024-08-11T16:23:34","guid":{"rendered":"https:\/\/www.salvatorianas.org.br\/blog\/?p=22168"},"modified":"2024-08-11T16:23:35","modified_gmt":"2024-08-11T16:23:35","slug":"encontro-vocacional-paroquial","status":"publish","type":"post","link":"https:\/\/www.salvatorianas.org.br\/blog\/encontro-vocacional-paroquial\/","title":{"rendered":"ENCONTRO VOCACIONAL PAROQUIAL"},"content":{"rendered":"\n<p><\/p>\n\n\n\n<p>No dia 10 de agosto (s\u00e1bado) a tarde aconteceu o encontro vocacional na Par\u00f3quia Imaculada Concei\u00e7\u00e3o de Videira\/SC, tendo em torno de 60 participantes.<\/p>\n\n\n\n<p>O tema do Encontro foi: <strong>\u201cCr\u00ea, espera, confia e v\u00e1 em frente\u201d.\u00a0 <\/strong>Este encontro foi coordenado pela Equipe Vocacional da Par\u00f3quia. Foram trabalhadas v\u00e1rias din\u00e2micas, testemunhos vocacionais e muita anima\u00e7\u00e3o nos cantos por uma equipe de jovens. Os participantes eram de v\u00e1rias gera\u00e7\u00f5es. As sementes foram lan\u00e7adas. Confiemos no Senhor da Messe que envie boas e santas voca\u00e7\u00f5es para os diferentes servi\u00e7os em nossa Igreja.<\/p>\n\n\n\n<figure class=\"wp-block-image size-large\"><img decoding=\"async\" loading=\"lazy\" width=\"1024\" height=\"1024\" src=\"https:\/\/www.salvatorianas.org.br\/blog\/wp-content\/uploads\/2024\/08\/3-2-1024x1024.png\" alt=\"\" class=\"wp-image-22171\" srcset=\"https:\/\/www.salvatorianas.org.br\/blog\/wp-content\/uploads\/2024\/08\/3-2-1024x1024.png 1024w, https:\/\/www.salvatorianas.org.br\/blog\/wp-content\/uploads\/2024\/08\/3-2-300x300.png 300w, https:\/\/www.salvatorianas.org.br\/blog\/wp-content\/uploads\/2024\/08\/3-2-150x150.png 150w, https:\/\/www.salvatorianas.org.br\/blog\/wp-content\/uploads\/2024\/08\/3-2-768x768.png 768w, https:\/\/www.salvatorianas.org.br\/blog\/wp-content\/uploads\/2024\/08\/3-2.png 1080w\" sizes=\"(max-width: 1024px) 100vw, 1024px\" \/><\/figure>\n\n\n\n<p><\/p>\n\n\n\n<figure class=\"wp-block-image size-large\"><img decoding=\"async\" loading=\"lazy\" width=\"1024\" height=\"1024\" src=\"https:\/\/www.salvatorianas.org.br\/blog\/wp-content\/uploads\/2024\/08\/4-2-1024x1024.png\" alt=\"\" class=\"wp-image-22172\" srcset=\"https:\/\/www.salvatorianas.org.br\/blog\/wp-content\/uploads\/2024\/08\/4-2-1024x1024.png 1024w, https:\/\/www.salvatorianas.org.br\/blog\/wp-content\/uploads\/2024\/08\/4-2-300x300.png 300w, https:\/\/www.salvatorianas.org.br\/blog\/wp-content\/uploads\/2024\/08\/4-2-150x150.png 150w, https:\/\/www.salvatorianas.org.br\/blog\/wp-content\/uploads\/2024\/08\/4-2-768x768.png 768w, https:\/\/www.salvatorianas.org.br\/blog\/wp-content\/uploads\/2024\/08\/4-2.png 1080w\" sizes=\"(max-width: 1024px) 100vw, 1024px\" \/><\/figure>\n\n\n\n<p><\/p>\n\n\n\n<figure class=\"wp-block-image size-large\"><img decoding=\"async\" loading=\"lazy\" width=\"1024\" height=\"1024\" src=\"https:\/\/www.salvatorianas.org.br\/blog\/wp-content\/uploads\/2024\/08\/5-1-1024x1024.png\" alt=\"\" class=\"wp-image-22173\" srcset=\"https:\/\/www.salvatorianas.org.br\/blog\/wp-content\/uploads\/2024\/08\/5-1-1024x1024.png 1024w, https:\/\/www.salvatorianas.org.br\/blog\/wp-content\/uploads\/2024\/08\/5-1-300x300.png 300w, https:\/\/www.salvatorianas.org.br\/blog\/wp-content\/uploads\/2024\/08\/5-1-150x150.png 150w, https:\/\/www.salvatorianas.org.br\/blog\/wp-content\/uploads\/2024\/08\/5-1-768x768.png 768w, https:\/\/www.salvatorianas.org.br\/blog\/wp-content\/uploads\/2024\/08\/5-1.png 1080w\" sizes=\"(max-width: 1024px) 100vw, 1024px\" \/><\/figure>\n\n\n\n<p><\/p>\n\n\n\n<figure class=\"wp-block-image size-large\"><img decoding=\"async\" loading=\"lazy\" width=\"1024\" height=\"1024\" src=\"https:\/\/www.salvatorianas.org.br\/blog\/wp-content\/uploads\/2024\/08\/2-3-1024x1024.png\" alt=\"\" class=\"wp-image-22174\" srcset=\"https:\/\/www.salvatorianas.org.br\/blog\/wp-content\/uploads\/2024\/08\/2-3-1024x1024.png 1024w, https:\/\/www.salvatorianas.org.br\/blog\/wp-content\/uploads\/2024\/08\/2-3-300x300.png 300w, https:\/\/www.salvatorianas.org.br\/blog\/wp-content\/uploads\/2024\/08\/2-3-150x150.png 150w, https:\/\/www.salvatorianas.org.br\/blog\/wp-content\/uploads\/2024\/08\/2-3-768x768.png 768w, https:\/\/www.salvatorianas.org.br\/blog\/wp-content\/uploads\/2024\/08\/2-3.png 1080w\" sizes=\"(max-width: 1024px) 100vw, 1024px\" \/><\/figure>\n","protected":false},"excerpt":{"rendered":"<p>No dia 10 de agosto (s\u00e1bado) a tarde aconteceu o encontro vocacional na Par\u00f3quia Imaculada Concei\u00e7\u00e3o de Videira\/SC, tendo em torno de 60 participantes. O tema do Encontro foi: \u201cCr\u00ea, espera, confia e&#8230;<\/p>\n","protected":false},"author":2,"featured_media":22169,"comment_status":"open","ping_status":"open","sticky":false,"template":"","format":"standard","meta":[],"categories":[15,1],"tags":[],"_links":{"self":[{"href":"https:\/\/www.salvatorianas.org.br\/blog\/wp-json\/wp\/v2\/posts\/22168"}],"collection":[{"href":"https:\/\/www.salvatorianas.org.br\/blog\/wp-json\/wp\/v2\/posts"}],"about":[{"href":"https:\/\/www.salvatorianas.org.br\/blog\/wp-json\/wp\/v2\/types\/post"}],"author":[{"embeddable":true,"href":"https:\/\/www.salvatorianas.org.br\/blog\/wp-json\/wp\/v2\/users\/2"}],"replies":[{"embeddable":true,"href":"https:\/\/www.salvatorianas.org.br\/blog\/wp-json\/wp\/v2\/comments?post=22168"}],"version-history":[{"count":1,"href":"https:\/\/www.salvatorianas.org.br\/blog\/wp-json\/wp\/v2\/posts\/22168\/revisions"}],"predecessor-version":[{"id":22175,"href":"https:\/\/www.salvatorianas.org.br\/blog\/wp-json\/wp\/v2\/posts\/22168\/revisions\/22175"}],"wp:featuredmedia":[{"embeddable":true,"href":"https:\/\/www.salvatorianas.org.br\/blog\/wp-json\/wp\/v2\/media\/22169"}],"wp:attachment":[{"href":"https:\/\/www.salvatorianas.org.br\/blog\/wp-json\/wp\/v2\/media?parent=22168"}],"wp:term":[{"taxonomy":"category","embeddable":true,"href":"https:\/\/www.salvatorianas.org.br\/blog\/wp-json\/wp\/v2\/categories?post=22168"},{"taxonomy":"post_tag","embeddable":true,"href":"https:\/\/www.salvatorianas.org.br\/blog\/wp-json\/wp\/v2\/tags?post=22168"}],"curies":[{"name":"wp","href":"https:\/\/api.w.org\/{rel}","templated":true}]}}