{"id":22164,"date":"2024-08-10T17:28:39","date_gmt":"2024-08-10T17:28:39","guid":{"rendered":"https:\/\/www.salvatorianas.org.br\/blog\/?p=22164"},"modified":"2024-08-10T17:28:39","modified_gmt":"2024-08-10T17:28:39","slug":"comunicado-de-falecimento-48","status":"publish","type":"post","link":"https:\/\/www.salvatorianas.org.br\/blog\/comunicado-de-falecimento-48\/","title":{"rendered":"COMUNICADO DE FALECIMENTO"},"content":{"rendered":"\n<p>&#8220;Tudo posso Naquele que me conforta&#8221;. Fil 4,13<\/p>\n\n\n\n<p>Ir. Zelinda Deon, aos 92 anos de vida e 70 anos de Vida Consagrada Salvatoriana, recebe o \u00faltimo chamado de Deus para o encontro face a face com Ele.<\/p>\n\n\n\n<p>Comunicamos o seu falecimento ocorrido hoje, dia 10 de agosto de 2024, em Florian\u00f3polis\/SC. N\u00f3s, Im\u00e3s Salvatorianas, seus familiares e amigos, compartilhamos esse momento de f\u00e9 e de entrega a Deus Salvador a vida dessa nossa querida coirm\u00e3. Seu sepultamento acontecer\u00e1 as 9 horas do dia 11 de agosto de 2024, no Cemit\u00e9rio Municipal Itacorubi S\u00e3o Francisco de Assis, em Florian\u00f3polis\/SC . Seu vel\u00f3rio, na Capela da funer\u00e1ria Santa Catarina.<\/p>\n\n\n\n<p>Ir. Zelinda! Gratid\u00e3o pela vida vivida e partilhada entre n\u00f3s e por tantos ensinamentos \u00e0 nossa vida salvatoriana. Pedimos para que Deus na sua miseric\u00f3rdia infinita a receba em sua gl\u00f3ria e interceda por seus familiares, por todas n\u00f3s e pela humanidade que sofre.<\/p>\n","protected":false},"excerpt":{"rendered":"<p>&#8220;Tudo posso Naquele que me conforta&#8221;. Fil 4,13 Ir. Zelinda Deon, aos 92 anos de vida e 70 anos de Vida Consagrada Salvatoriana, recebe o \u00faltimo chamado de Deus para o encontro face&#8230;<\/p>\n","protected":false},"author":2,"featured_media":22165,"comment_status":"open","ping_status":"open","sticky":false,"template":"","format":"standard","meta":[],"categories":[1],"tags":[],"_links":{"self":[{"href":"https:\/\/www.salvatorianas.org.br\/blog\/wp-json\/wp\/v2\/posts\/22164"}],"collection":[{"href":"https:\/\/www.salvatorianas.org.br\/blog\/wp-json\/wp\/v2\/posts"}],"about":[{"href":"https:\/\/www.salvatorianas.org.br\/blog\/wp-json\/wp\/v2\/types\/post"}],"author":[{"embeddable":true,"href":"https:\/\/www.salvatorianas.org.br\/blog\/wp-json\/wp\/v2\/users\/2"}],"replies":[{"embeddable":true,"href":"https:\/\/www.salvatorianas.org.br\/blog\/wp-json\/wp\/v2\/comments?post=22164"}],"version-history":[{"count":1,"href":"https:\/\/www.salvatorianas.org.br\/blog\/wp-json\/wp\/v2\/posts\/22164\/revisions"}],"predecessor-version":[{"id":22166,"href":"https:\/\/www.salvatorianas.org.br\/blog\/wp-json\/wp\/v2\/posts\/22164\/revisions\/22166"}],"wp:featuredmedia":[{"embeddable":true,"href":"https:\/\/www.salvatorianas.org.br\/blog\/wp-json\/wp\/v2\/media\/22165"}],"wp:attachment":[{"href":"https:\/\/www.salvatorianas.org.br\/blog\/wp-json\/wp\/v2\/media?parent=22164"}],"wp:term":[{"taxonomy":"category","embeddable":true,"href":"https:\/\/www.salvatorianas.org.br\/blog\/wp-json\/wp\/v2\/categories?post=22164"},{"taxonomy":"post_tag","embeddable":true,"href":"https:\/\/www.salvatorianas.org.br\/blog\/wp-json\/wp\/v2\/tags?post=22164"}],"curies":[{"name":"wp","href":"https:\/\/api.w.org\/{rel}","templated":true}]}}