{"id":2216,"date":"2015-05-11T00:00:00","date_gmt":"2015-05-11T00:00:00","guid":{"rendered":"https:\/\/www.salvatorianas.org.br\/blog\/encontro-da-comissao-de-formacao\/"},"modified":"2015-05-11T00:00:00","modified_gmt":"2015-05-11T00:00:00","slug":"encontro-da-comissao-de-formacao","status":"publish","type":"post","link":"https:\/\/www.salvatorianas.org.br\/blog\/encontro-da-comissao-de-formacao\/","title":{"rendered":"Encontro da Comiss\u00e3o de Forma\u00e7\u00e3o"},"content":{"rendered":"<p style=\"text-align: justify;\"><strong>&ldquo;Fazei tudo o que Ele vos disser&rdquo; (Jo 2,5)<\/strong><\/p>\n<p style=\"text-align: justify;\">[imagem1] Nos dias 09 e 10 de maio de 2015, reuniu-se na Sede Provincial, em Lages\/SC, uma comiss&atilde;o para pensar o processo de forma&ccedil;&atilde;o hol&iacute;stica &agrave; Vida Religiosa salvatoriana, a qual &eacute; composta pelas Irm&atilde;s: In&ecirc;s Boesing (Coordenadora Provincial), Lisete Buganti (Coordenadora da &Aacute;rea da Forma&ccedil;&atilde;o Inicial), Maris Bolzan, Wanderleia Dalla Costa, Talita Muneretto, Maria Marlene Rizzotto, Terezinha C&eacute;lia Salvi, Claudia Camara, Alice Tonello, Van&uacute;cia S. da Silva e Elzi Bittencourt, a qual atua na miss&atilde;o Salvatoriana em Chimoio (Mo&ccedil;ambique). O encontro foi dinamizado pelas Irm&atilde;s Lisete Buganti e In&ecirc;s Boesing.<\/p>\n<p style=\"text-align: justify;\">Na ocasi&atilde;o foi retomada a Declara&ccedil;&atilde;o do XXII Cap&iacute;tulo Provincial, com especial aten&ccedil;&atilde;o &agrave; dimens&atilde;o da &ldquo;Forma&ccedil;&atilde;o Hol&iacute;stica para todas as fases da vida&rdquo;, com seus quatro projetos e tamb&eacute;m o Documento XX Cap&iacute;tulo Geral referente &agrave; Forma&ccedil;&atilde;o a Vida Salvatoriana.<\/p>\n<p style=\"text-align: justify;\">Foram pontuadas as impress&otilde;es, interpela&ccedil;&otilde;es e desafios para a dinamiza&ccedil;&atilde;o do processo de forma&ccedil;&atilde;o hol&iacute;stica na Prov&iacute;ncia e retomados os objetivos desse grupo para o quadri&ecirc;nio 2015 a 2018: <em>a) priorizar momentos de estudos e reflex&atilde;o de conte&uacute;dos nas diferentes linhas que nos ajudem a compreender e aprofundar a forma&ccedil;&atilde;o hol&iacute;stica; b) proporcionar momentos de cultivo do grupo; c) Preparar subs&iacute;dios e instrumentos para fortalecer o processo formativo nas diferentes fases da vida; e d) Elaborar o Plano de Forma&ccedil;&atilde;o Hol&iacute;stica para todas as fases da vida.<\/em><\/p>\n<p style=\"text-align: justify;\">Priorizou-se tempo para reflex&atilde;o e elabora&ccedil;&atilde;o de um esquema (proposta) para o projeto de vida das irm&atilde;s e formandas da Prov&iacute;ncia. A Ir. Elzi partilhou a miss&atilde;o salvatoriana de Mo&ccedil;ambique, destacando o processo de forma&ccedil;&atilde;o inicial, as alegrias, esperan&ccedil;as e desafios. Foram tamb&eacute;m refletidos outros assuntos referentes &agrave; forma&ccedil;&atilde;o.<\/p>\n<p style=\"text-align: justify;\">Iluminadas, motivadas e provocadas pelo lema do processo de ressignifica&ccedil;&atilde;o de nossa voca&ccedil;&atilde;o-miss&atilde;o salvatoriana: &ldquo;Fazei tudo o que Ele vos disser&rdquo; (Jo 2, 5b), queremos continuar vivendo a gra&ccedil;a do encontro, atentas &agrave; pr&aacute;tica de Jesus Salvador e ao sonho de nossos Fundadores, assumindo este momento particular na caminhada de nossa Prov&iacute;ncia. Pedimos que Maria, M&atilde;e do Salvador, que se fez peregrina e mission&aacute;ria, nos encoraje na busca de respostas inovadoras aos novos desafios que se apresentam em nossa voca&ccedil;&atilde;o-miss&atilde;o.<\/p>\n<p style=\"text-align: justify;\">Agradecemos a cada Irm&atilde; do GT Forma&ccedil;&atilde;o pela presen&ccedil;a, dedica&ccedil;&atilde;o e doa&ccedil;&atilde;o a servi&ccedil;o da miss&atilde;o apost&oacute;lica salvatoriana. Agradecemos tamb&eacute;m as Irm&atilde;s da Equipe de Provincial e comunidades Sede Provincial e Renascer pela acolhida e doa&ccedil;&atilde;o nos servi&ccedil;os prestados.<\/p>\n","protected":false},"excerpt":{"rendered":"<p>&ldquo;Fazei tudo o que Ele vos disser&rdquo; (Jo 2,5) [imagem1] Nos dias 09 e 10 de maio de 2015, reuniu-se na Sede Provincial, em Lages\/SC, uma comiss&atilde;o para pensar o processo de forma&ccedil;&atilde;o&#8230;<\/p>\n","protected":false},"author":1,"featured_media":2418,"comment_status":"open","ping_status":"open","sticky":false,"template":"","format":"standard","meta":[],"categories":[1],"tags":[],"_links":{"self":[{"href":"https:\/\/www.salvatorianas.org.br\/blog\/wp-json\/wp\/v2\/posts\/2216"}],"collection":[{"href":"https:\/\/www.salvatorianas.org.br\/blog\/wp-json\/wp\/v2\/posts"}],"about":[{"href":"https:\/\/www.salvatorianas.org.br\/blog\/wp-json\/wp\/v2\/types\/post"}],"author":[{"embeddable":true,"href":"https:\/\/www.salvatorianas.org.br\/blog\/wp-json\/wp\/v2\/users\/1"}],"replies":[{"embeddable":true,"href":"https:\/\/www.salvatorianas.org.br\/blog\/wp-json\/wp\/v2\/comments?post=2216"}],"version-history":[{"count":0,"href":"https:\/\/www.salvatorianas.org.br\/blog\/wp-json\/wp\/v2\/posts\/2216\/revisions"}],"wp:featuredmedia":[{"embeddable":true,"href":"https:\/\/www.salvatorianas.org.br\/blog\/wp-json\/wp\/v2\/media\/2418"}],"wp:attachment":[{"href":"https:\/\/www.salvatorianas.org.br\/blog\/wp-json\/wp\/v2\/media?parent=2216"}],"wp:term":[{"taxonomy":"category","embeddable":true,"href":"https:\/\/www.salvatorianas.org.br\/blog\/wp-json\/wp\/v2\/categories?post=2216"},{"taxonomy":"post_tag","embeddable":true,"href":"https:\/\/www.salvatorianas.org.br\/blog\/wp-json\/wp\/v2\/tags?post=2216"}],"curies":[{"name":"wp","href":"https:\/\/api.w.org\/{rel}","templated":true}]}}