{"id":22156,"date":"2024-09-01T19:07:16","date_gmt":"2024-09-01T19:07:16","guid":{"rendered":"https:\/\/www.salvatorianas.org.br\/blog\/?p=22156"},"modified":"2024-08-08T19:13:31","modified_gmt":"2024-08-08T19:13:31","slug":"intencao-de-oracao-do-papa-francisco-2","status":"publish","type":"post","link":"https:\/\/www.salvatorianas.org.br\/blog\/intencao-de-oracao-do-papa-francisco-2\/","title":{"rendered":"Inten\u00e7\u00e3o de Ora\u00e7\u00e3o do Papa Francisco"},"content":{"rendered":"\n<p>setembro &#8211; Rezemos pelo Grito da Terra<\/p>\n\n\n\n<p>Rezemos para que cada um de n\u00f3s ou\u00e7a com o cora\u00e7\u00e3o o grito da Terra e das v\u00edtimas das cat\u00e1strofes ambientais  da crise clim\u00e1tica, comprometendo-nos pessoalmente a cuidar do mundo que habitamos.<\/p>\n\n\n\n<p>Hoje tamb\u00e9m fazemos mem\u00f3ria do Dia Mundial de Ora\u00e7\u00e3o pelo Cuidado da Cria\u00e7\u00e3o. Esse dia nos recorda a sagrada responsabilidade de cuidar de tudo aquilo que o criador nos confiou<\/p>\n","protected":false},"excerpt":{"rendered":"<p>setembro &#8211; Rezemos pelo Grito da Terra Rezemos para que cada um de n\u00f3s ou\u00e7a com o cora\u00e7\u00e3o o grito da Terra e das v\u00edtimas das cat\u00e1strofes ambientais da crise clim\u00e1tica, comprometendo-nos pessoalmente&#8230;<\/p>\n","protected":false},"author":2,"featured_media":22157,"comment_status":"open","ping_status":"open","sticky":false,"template":"","format":"standard","meta":[],"categories":[1],"tags":[],"_links":{"self":[{"href":"https:\/\/www.salvatorianas.org.br\/blog\/wp-json\/wp\/v2\/posts\/22156"}],"collection":[{"href":"https:\/\/www.salvatorianas.org.br\/blog\/wp-json\/wp\/v2\/posts"}],"about":[{"href":"https:\/\/www.salvatorianas.org.br\/blog\/wp-json\/wp\/v2\/types\/post"}],"author":[{"embeddable":true,"href":"https:\/\/www.salvatorianas.org.br\/blog\/wp-json\/wp\/v2\/users\/2"}],"replies":[{"embeddable":true,"href":"https:\/\/www.salvatorianas.org.br\/blog\/wp-json\/wp\/v2\/comments?post=22156"}],"version-history":[{"count":1,"href":"https:\/\/www.salvatorianas.org.br\/blog\/wp-json\/wp\/v2\/posts\/22156\/revisions"}],"predecessor-version":[{"id":22158,"href":"https:\/\/www.salvatorianas.org.br\/blog\/wp-json\/wp\/v2\/posts\/22156\/revisions\/22158"}],"wp:featuredmedia":[{"embeddable":true,"href":"https:\/\/www.salvatorianas.org.br\/blog\/wp-json\/wp\/v2\/media\/22157"}],"wp:attachment":[{"href":"https:\/\/www.salvatorianas.org.br\/blog\/wp-json\/wp\/v2\/media?parent=22156"}],"wp:term":[{"taxonomy":"category","embeddable":true,"href":"https:\/\/www.salvatorianas.org.br\/blog\/wp-json\/wp\/v2\/categories?post=22156"},{"taxonomy":"post_tag","embeddable":true,"href":"https:\/\/www.salvatorianas.org.br\/blog\/wp-json\/wp\/v2\/tags?post=22156"}],"curies":[{"name":"wp","href":"https:\/\/api.w.org\/{rel}","templated":true}]}}