{"id":22148,"date":"2024-08-08T18:17:55","date_gmt":"2024-08-08T18:17:55","guid":{"rendered":"https:\/\/www.salvatorianas.org.br\/blog\/?p=22148"},"modified":"2024-08-08T18:17:55","modified_gmt":"2024-08-08T18:17:55","slug":"o-salvador-te-chama-a-participar-dessa-sinfonia-vocacional","status":"publish","type":"post","link":"https:\/\/www.salvatorianas.org.br\/blog\/o-salvador-te-chama-a-participar-dessa-sinfonia-vocacional\/","title":{"rendered":"O Salvador te chama a participar dessa sinfonia vocacional"},"content":{"rendered":"\n<p><\/p>\n\n\n\n<p>Com o objetivo de refletir sobre voca\u00e7\u00e3o, miss\u00e3o e prop\u00f3sito de vida, bem como dar continuidade as reflex\u00f5es da rota Casa\/Caminho do Itiner\u00e1rio Espiritual Salvatoriano, a Miss\u00e3o Salvatoriana com as Juventudes esteve, nos dias 30 de julho a 04 de agosto ,na cidade de Xique Xique\/BA ,vistando o Col\u00e9gio Municipal Senhor do Bonfim e realizando encontros com as juventudes da Par\u00f3quia Senhor do Bonfim, na cidade e tamb\u00e9m na Ilha da Esperan\u00e7a, no setor Miradouro.<\/p>\n\n\n\n<p>Animadas pelo ardor apost\u00f3lico Salvatoriano, estiveram realizando esses encontros, a Irm\u00e3 Sandra Regina Alves de Souza e a colaboradora Emirian Assun\u00e7\u00e3o.<\/p>\n\n\n\n<p><\/p>\n\n\n\n<figure class=\"wp-block-image size-large is-resized\"><img decoding=\"async\" loading=\"lazy\" src=\"https:\/\/www.salvatorianas.org.br\/blog\/wp-content\/uploads\/2024\/08\/2-1-1024x1024.png\" alt=\"\" class=\"wp-image-22150\" width=\"840\" height=\"840\" srcset=\"https:\/\/www.salvatorianas.org.br\/blog\/wp-content\/uploads\/2024\/08\/2-1-1024x1024.png 1024w, https:\/\/www.salvatorianas.org.br\/blog\/wp-content\/uploads\/2024\/08\/2-1-300x300.png 300w, https:\/\/www.salvatorianas.org.br\/blog\/wp-content\/uploads\/2024\/08\/2-1-150x150.png 150w, https:\/\/www.salvatorianas.org.br\/blog\/wp-content\/uploads\/2024\/08\/2-1-768x768.png 768w, https:\/\/www.salvatorianas.org.br\/blog\/wp-content\/uploads\/2024\/08\/2-1.png 1080w\" sizes=\"(max-width: 840px) 100vw, 840px\" \/><\/figure>\n\n\n\n<p><\/p>\n\n\n\n<figure class=\"wp-block-image size-large\"><img decoding=\"async\" loading=\"lazy\" width=\"1024\" height=\"1024\" src=\"https:\/\/www.salvatorianas.org.br\/blog\/wp-content\/uploads\/2024\/08\/3-1-1024x1024.png\" alt=\"\" class=\"wp-image-22151\" srcset=\"https:\/\/www.salvatorianas.org.br\/blog\/wp-content\/uploads\/2024\/08\/3-1-1024x1024.png 1024w, https:\/\/www.salvatorianas.org.br\/blog\/wp-content\/uploads\/2024\/08\/3-1-300x300.png 300w, https:\/\/www.salvatorianas.org.br\/blog\/wp-content\/uploads\/2024\/08\/3-1-150x150.png 150w, https:\/\/www.salvatorianas.org.br\/blog\/wp-content\/uploads\/2024\/08\/3-1-768x768.png 768w, https:\/\/www.salvatorianas.org.br\/blog\/wp-content\/uploads\/2024\/08\/3-1.png 1080w\" sizes=\"(max-width: 1024px) 100vw, 1024px\" \/><\/figure>\n\n\n\n<p><\/p>\n\n\n\n<figure class=\"wp-block-image size-large\"><img decoding=\"async\" loading=\"lazy\" width=\"1024\" height=\"1024\" src=\"https:\/\/www.salvatorianas.org.br\/blog\/wp-content\/uploads\/2024\/08\/4-1-1024x1024.png\" alt=\"\" class=\"wp-image-22152\" srcset=\"https:\/\/www.salvatorianas.org.br\/blog\/wp-content\/uploads\/2024\/08\/4-1-1024x1024.png 1024w, https:\/\/www.salvatorianas.org.br\/blog\/wp-content\/uploads\/2024\/08\/4-1-300x300.png 300w, https:\/\/www.salvatorianas.org.br\/blog\/wp-content\/uploads\/2024\/08\/4-1-150x150.png 150w, https:\/\/www.salvatorianas.org.br\/blog\/wp-content\/uploads\/2024\/08\/4-1-768x768.png 768w, https:\/\/www.salvatorianas.org.br\/blog\/wp-content\/uploads\/2024\/08\/4-1.png 1080w\" sizes=\"(max-width: 1024px) 100vw, 1024px\" \/><\/figure>\n\n\n\n<p><\/p>\n\n\n\n<figure class=\"wp-block-image size-large\"><img decoding=\"async\" loading=\"lazy\" width=\"1024\" height=\"1024\" src=\"https:\/\/www.salvatorianas.org.br\/blog\/wp-content\/uploads\/2024\/08\/5-1024x1024.png\" alt=\"\" class=\"wp-image-22153\" srcset=\"https:\/\/www.salvatorianas.org.br\/blog\/wp-content\/uploads\/2024\/08\/5-1024x1024.png 1024w, https:\/\/www.salvatorianas.org.br\/blog\/wp-content\/uploads\/2024\/08\/5-300x300.png 300w, https:\/\/www.salvatorianas.org.br\/blog\/wp-content\/uploads\/2024\/08\/5-150x150.png 150w, https:\/\/www.salvatorianas.org.br\/blog\/wp-content\/uploads\/2024\/08\/5-768x768.png 768w, https:\/\/www.salvatorianas.org.br\/blog\/wp-content\/uploads\/2024\/08\/5.png 1080w\" sizes=\"(max-width: 1024px) 100vw, 1024px\" \/><\/figure>\n\n\n\n<p><\/p>\n","protected":false},"excerpt":{"rendered":"<p>Com o objetivo de refletir sobre voca\u00e7\u00e3o, miss\u00e3o e prop\u00f3sito de vida, bem como dar continuidade as reflex\u00f5es da rota Casa\/Caminho do Itiner\u00e1rio Espiritual Salvatoriano, a Miss\u00e3o Salvatoriana com as Juventudes esteve, nos&#8230;<\/p>\n","protected":false},"author":2,"featured_media":22149,"comment_status":"open","ping_status":"open","sticky":false,"template":"","format":"standard","meta":[],"categories":[1],"tags":[],"_links":{"self":[{"href":"https:\/\/www.salvatorianas.org.br\/blog\/wp-json\/wp\/v2\/posts\/22148"}],"collection":[{"href":"https:\/\/www.salvatorianas.org.br\/blog\/wp-json\/wp\/v2\/posts"}],"about":[{"href":"https:\/\/www.salvatorianas.org.br\/blog\/wp-json\/wp\/v2\/types\/post"}],"author":[{"embeddable":true,"href":"https:\/\/www.salvatorianas.org.br\/blog\/wp-json\/wp\/v2\/users\/2"}],"replies":[{"embeddable":true,"href":"https:\/\/www.salvatorianas.org.br\/blog\/wp-json\/wp\/v2\/comments?post=22148"}],"version-history":[{"count":1,"href":"https:\/\/www.salvatorianas.org.br\/blog\/wp-json\/wp\/v2\/posts\/22148\/revisions"}],"predecessor-version":[{"id":22155,"href":"https:\/\/www.salvatorianas.org.br\/blog\/wp-json\/wp\/v2\/posts\/22148\/revisions\/22155"}],"wp:featuredmedia":[{"embeddable":true,"href":"https:\/\/www.salvatorianas.org.br\/blog\/wp-json\/wp\/v2\/media\/22149"}],"wp:attachment":[{"href":"https:\/\/www.salvatorianas.org.br\/blog\/wp-json\/wp\/v2\/media?parent=22148"}],"wp:term":[{"taxonomy":"category","embeddable":true,"href":"https:\/\/www.salvatorianas.org.br\/blog\/wp-json\/wp\/v2\/categories?post=22148"},{"taxonomy":"post_tag","embeddable":true,"href":"https:\/\/www.salvatorianas.org.br\/blog\/wp-json\/wp\/v2\/tags?post=22148"}],"curies":[{"name":"wp","href":"https:\/\/api.w.org\/{rel}","templated":true}]}}