{"id":22143,"date":"2024-08-08T12:06:30","date_gmt":"2024-08-08T12:06:30","guid":{"rendered":"https:\/\/www.salvatorianas.org.br\/blog\/?p=22143"},"modified":"2024-08-08T12:06:31","modified_gmt":"2024-08-08T12:06:31","slug":"mes-vocacional","status":"publish","type":"post","link":"https:\/\/www.salvatorianas.org.br\/blog\/mes-vocacional\/","title":{"rendered":"M\u00eas Vocacional"},"content":{"rendered":"\n<p>Ir. Maura de Jesus do Carmo, SDS, partilha sobre seu encontro com as Salvatorianas que se deu atrav\u00e9s de um convite para participar do Encontro Vocacional. Para ela, o chamado de Deus \u00e9 uma for\u00e7a irresist\u00edvel que toca o cora\u00e7\u00e3o do ser humano de forma transcendente.<\/p>\n\n\n\n<p>O Carisma das Irm\u00e3s do Divino Salvador \u00e9 tornar Jesus Cristo conhecido e amado, de todos os modos e meios que a caridade de Cristo inspirar.<\/p>\n\n\n\n<p>Se voc\u00ea sente um chamado especial e que conhecer mais sobre a miss\u00e3o que Deus tem para voc\u00ea, estamos aqui<\/p>\n\n\n\n<h1 class=\"wp-block-heading\">voca\u00e7\u00f5es #salvatorianas&nbsp;#miss\u00e3o<\/h1>\n\n\n\n<figure class=\"wp-block-video\"><video controls src=\"https:\/\/www.salvatorianas.org.br\/blog\/wp-content\/uploads\/2024\/08\/Video-blog.mp4\"><\/video><\/figure>\n","protected":false},"excerpt":{"rendered":"<p>Ir. Maura de Jesus do Carmo, SDS, partilha sobre seu encontro com as Salvatorianas que se deu atrav\u00e9s de um convite para participar do Encontro Vocacional. Para ela, o chamado de Deus \u00e9&#8230;<\/p>\n","protected":false},"author":2,"featured_media":0,"comment_status":"open","ping_status":"open","sticky":false,"template":"","format":"standard","meta":[],"categories":[1],"tags":[],"_links":{"self":[{"href":"https:\/\/www.salvatorianas.org.br\/blog\/wp-json\/wp\/v2\/posts\/22143"}],"collection":[{"href":"https:\/\/www.salvatorianas.org.br\/blog\/wp-json\/wp\/v2\/posts"}],"about":[{"href":"https:\/\/www.salvatorianas.org.br\/blog\/wp-json\/wp\/v2\/types\/post"}],"author":[{"embeddable":true,"href":"https:\/\/www.salvatorianas.org.br\/blog\/wp-json\/wp\/v2\/users\/2"}],"replies":[{"embeddable":true,"href":"https:\/\/www.salvatorianas.org.br\/blog\/wp-json\/wp\/v2\/comments?post=22143"}],"version-history":[{"count":2,"href":"https:\/\/www.salvatorianas.org.br\/blog\/wp-json\/wp\/v2\/posts\/22143\/revisions"}],"predecessor-version":[{"id":22146,"href":"https:\/\/www.salvatorianas.org.br\/blog\/wp-json\/wp\/v2\/posts\/22143\/revisions\/22146"}],"wp:attachment":[{"href":"https:\/\/www.salvatorianas.org.br\/blog\/wp-json\/wp\/v2\/media?parent=22143"}],"wp:term":[{"taxonomy":"category","embeddable":true,"href":"https:\/\/www.salvatorianas.org.br\/blog\/wp-json\/wp\/v2\/categories?post=22143"},{"taxonomy":"post_tag","embeddable":true,"href":"https:\/\/www.salvatorianas.org.br\/blog\/wp-json\/wp\/v2\/tags?post=22143"}],"curies":[{"name":"wp","href":"https:\/\/api.w.org\/{rel}","templated":true}]}}