{"id":22134,"date":"2024-08-05T17:33:44","date_gmt":"2024-08-05T17:33:44","guid":{"rendered":"https:\/\/www.salvatorianas.org.br\/blog\/?p=22134"},"modified":"2024-08-05T17:33:45","modified_gmt":"2024-08-05T17:33:45","slug":"irmas-do-divino-salvador-participam-da-semana-vocacional-e-ordenacao-presbiteral-do-padre-gustavo-borges","status":"publish","type":"post","link":"https:\/\/www.salvatorianas.org.br\/blog\/irmas-do-divino-salvador-participam-da-semana-vocacional-e-ordenacao-presbiteral-do-padre-gustavo-borges\/","title":{"rendered":"Irm\u00e3s do Divino Salvador participam da Semana Vocacional e Ordena\u00e7\u00e3o Presbiteral do Padre Gustavo Borges"},"content":{"rendered":"\n<p>No dia 3 de agosto de 2024, a Diocese de Lages celebrou a ordena\u00e7\u00e3o presbiteral do agora Padre Gustavo Borges, natural de S\u00e3o Joaquim &#8211; SC. A Congrega\u00e7\u00e3o das Irm\u00e3s do Divino Salvador teve a honra de participar ativamente da Semana Vocacional, que antecedeu a ordena\u00e7\u00e3o, representada pela Irm\u00e3 Iraci Lazzaroto e pela Analista de Pastoral, Beatriz Rocha.<\/p>\n\n\n\n<p>Durante a semana, a Equipe Vocacional da Diocese, composta por diversas congrega\u00e7\u00f5es, padres e seminaristas, realizou uma s\u00e9rie de atividades com o objetivo de promover o discernimento vocacional e a valoriza\u00e7\u00e3o das escolhas de vida entre os jovens, al\u00e9m de divulgar e convidar todos para a ordena\u00e7\u00e3o do Gustavo. As atividades inclu\u00edram visitas a escolas, ao hospital da cidade e \u00e0 prefeitura de S\u00e3o Joaquim. A equipe tamb\u00e9m marcou presen\u00e7a na r\u00e1dio local, divulgando a import\u00e2ncia da voca\u00e7\u00e3o e do servi\u00e7o \u00e0 comunidade.<\/p>\n\n\n\n<p>A participa\u00e7\u00e3o das Irm\u00e3s Salvatorianas refor\u00e7a seu compromisso com a promo\u00e7\u00e3o vocacional e o apoio aos jovens em seu caminho de f\u00e9 e discernimento. A ordena\u00e7\u00e3o presbiteral do Padre Gustavo Borges \u00e9 um marco significativo para a comunidade de S\u00e3o Joaquim e para toda a Diocese de Lages, simbolizando o fruto de uma caminhada de f\u00e9 e dedica\u00e7\u00e3o.<\/p>\n\n\n\n<p>Que Deus continue aben\u00e7oando o novo sacerdote e que sua jornada seja repleta de frutos espirituais e de servi\u00e7o&nbsp;\u00e0&nbsp;comunidade.<\/p>\n\n\n\n<p><\/p>\n\n\n\n<figure class=\"wp-block-image size-full\"><img decoding=\"async\" loading=\"lazy\" width=\"940\" height=\"788\" src=\"https:\/\/www.salvatorianas.org.br\/blog\/wp-content\/uploads\/2024\/08\/a-1.png\" alt=\"\" class=\"wp-image-22135\" srcset=\"https:\/\/www.salvatorianas.org.br\/blog\/wp-content\/uploads\/2024\/08\/a-1.png 940w, https:\/\/www.salvatorianas.org.br\/blog\/wp-content\/uploads\/2024\/08\/a-1-300x251.png 300w, https:\/\/www.salvatorianas.org.br\/blog\/wp-content\/uploads\/2024\/08\/a-1-768x644.png 768w\" sizes=\"(max-width: 940px) 100vw, 940px\" \/><\/figure>\n\n\n\n<p><\/p>\n\n\n\n<figure class=\"wp-block-image size-full\"><img decoding=\"async\" loading=\"lazy\" width=\"940\" height=\"741\" src=\"https:\/\/www.salvatorianas.org.br\/blog\/wp-content\/uploads\/2024\/08\/b-1.png\" alt=\"\" class=\"wp-image-22136\" srcset=\"https:\/\/www.salvatorianas.org.br\/blog\/wp-content\/uploads\/2024\/08\/b-1.png 940w, https:\/\/www.salvatorianas.org.br\/blog\/wp-content\/uploads\/2024\/08\/b-1-300x236.png 300w, https:\/\/www.salvatorianas.org.br\/blog\/wp-content\/uploads\/2024\/08\/b-1-768x605.png 768w\" sizes=\"(max-width: 940px) 100vw, 940px\" \/><\/figure>\n\n\n\n<p><\/p>\n\n\n\n<figure class=\"wp-block-image size-full\"><img decoding=\"async\" loading=\"lazy\" width=\"889\" height=\"788\" src=\"https:\/\/www.salvatorianas.org.br\/blog\/wp-content\/uploads\/2024\/08\/c-1.png\" alt=\"\" class=\"wp-image-22137\" srcset=\"https:\/\/www.salvatorianas.org.br\/blog\/wp-content\/uploads\/2024\/08\/c-1.png 889w, https:\/\/www.salvatorianas.org.br\/blog\/wp-content\/uploads\/2024\/08\/c-1-300x266.png 300w, https:\/\/www.salvatorianas.org.br\/blog\/wp-content\/uploads\/2024\/08\/c-1-768x681.png 768w\" sizes=\"(max-width: 889px) 100vw, 889px\" \/><\/figure>\n\n\n\n<p><\/p>\n\n\n\n<figure class=\"wp-block-image size-full\"><img decoding=\"async\" loading=\"lazy\" width=\"940\" height=\"733\" src=\"https:\/\/www.salvatorianas.org.br\/blog\/wp-content\/uploads\/2024\/08\/g.png\" alt=\"\" class=\"wp-image-22138\" srcset=\"https:\/\/www.salvatorianas.org.br\/blog\/wp-content\/uploads\/2024\/08\/g.png 940w, https:\/\/www.salvatorianas.org.br\/blog\/wp-content\/uploads\/2024\/08\/g-300x234.png 300w, https:\/\/www.salvatorianas.org.br\/blog\/wp-content\/uploads\/2024\/08\/g-768x599.png 768w\" sizes=\"(max-width: 940px) 100vw, 940px\" \/><\/figure>\n\n\n\n<p><\/p>\n\n\n\n<figure class=\"wp-block-image size-full\"><img decoding=\"async\" loading=\"lazy\" width=\"895\" height=\"494\" src=\"https:\/\/www.salvatorianas.org.br\/blog\/wp-content\/uploads\/2024\/08\/h.png\" alt=\"\" class=\"wp-image-22139\" srcset=\"https:\/\/www.salvatorianas.org.br\/blog\/wp-content\/uploads\/2024\/08\/h.png 895w, https:\/\/www.salvatorianas.org.br\/blog\/wp-content\/uploads\/2024\/08\/h-300x166.png 300w, https:\/\/www.salvatorianas.org.br\/blog\/wp-content\/uploads\/2024\/08\/h-768x424.png 768w\" sizes=\"(max-width: 895px) 100vw, 895px\" \/><\/figure>\n","protected":false},"excerpt":{"rendered":"<p>No dia 3 de agosto de 2024, a Diocese de Lages celebrou a ordena\u00e7\u00e3o presbiteral do agora Padre Gustavo Borges, natural de S\u00e3o Joaquim &#8211; SC. A Congrega\u00e7\u00e3o das Irm\u00e3s do Divino Salvador&#8230;<\/p>\n","protected":false},"author":2,"featured_media":22140,"comment_status":"open","ping_status":"open","sticky":false,"template":"","format":"standard","meta":[],"categories":[1],"tags":[],"_links":{"self":[{"href":"https:\/\/www.salvatorianas.org.br\/blog\/wp-json\/wp\/v2\/posts\/22134"}],"collection":[{"href":"https:\/\/www.salvatorianas.org.br\/blog\/wp-json\/wp\/v2\/posts"}],"about":[{"href":"https:\/\/www.salvatorianas.org.br\/blog\/wp-json\/wp\/v2\/types\/post"}],"author":[{"embeddable":true,"href":"https:\/\/www.salvatorianas.org.br\/blog\/wp-json\/wp\/v2\/users\/2"}],"replies":[{"embeddable":true,"href":"https:\/\/www.salvatorianas.org.br\/blog\/wp-json\/wp\/v2\/comments?post=22134"}],"version-history":[{"count":2,"href":"https:\/\/www.salvatorianas.org.br\/blog\/wp-json\/wp\/v2\/posts\/22134\/revisions"}],"predecessor-version":[{"id":22142,"href":"https:\/\/www.salvatorianas.org.br\/blog\/wp-json\/wp\/v2\/posts\/22134\/revisions\/22142"}],"wp:featuredmedia":[{"embeddable":true,"href":"https:\/\/www.salvatorianas.org.br\/blog\/wp-json\/wp\/v2\/media\/22140"}],"wp:attachment":[{"href":"https:\/\/www.salvatorianas.org.br\/blog\/wp-json\/wp\/v2\/media?parent=22134"}],"wp:term":[{"taxonomy":"category","embeddable":true,"href":"https:\/\/www.salvatorianas.org.br\/blog\/wp-json\/wp\/v2\/categories?post=22134"},{"taxonomy":"post_tag","embeddable":true,"href":"https:\/\/www.salvatorianas.org.br\/blog\/wp-json\/wp\/v2\/tags?post=22134"}],"curies":[{"name":"wp","href":"https:\/\/api.w.org\/{rel}","templated":true}]}}