{"id":22120,"date":"2024-08-02T12:04:41","date_gmt":"2024-08-02T12:04:41","guid":{"rendered":"https:\/\/www.salvatorianas.org.br\/blog\/?p=22120"},"modified":"2024-08-02T12:04:42","modified_gmt":"2024-08-02T12:04:42","slug":"partilhando-nossa-missao","status":"publish","type":"post","link":"https:\/\/www.salvatorianas.org.br\/blog\/partilhando-nossa-missao\/","title":{"rendered":"PARTILHANDO NOSSA MISS\u00c3O"},"content":{"rendered":"\n<p>Dia 27 e 28 de julho aconteceu o II M\u00f3dulo da Escola B\u00edblico Catequ\u00e9tica na Par\u00f3quia Senhor do Bonfim, em Xique-Xique\/BA. A Escola ter\u00e1 dura\u00e7\u00e3o de dois anos e acontece mensalmente. Seu objetivo geral \u00e9 proporcionar um itiner\u00e1rio de forma\u00e7\u00e3o para catequistas e demais lideran\u00e7as, a partir dos princ\u00edpios b\u00edblico-teol\u00f3gico-lit\u00fargico-eclesiol\u00f3gico-pastoral a fim de lhes permitir uma atua\u00e7\u00e3o qualificada, fecunda e atualizada a servi\u00e7o da evangeliza\u00e7\u00e3o, como disc\u00edpulas\/os mission\u00e1rias\/os de Jesus Cristo e verdadeiros sujeitos eclesiais. A escola \u00e9 coordenada pelas Irm\u00e3s Salvatorianas e equipe de lideran\u00e7as locais. A facilitadora do m\u00f3dulo 2 de Introdu\u00e7\u00e3o \u00e0 B\u00edblia e Hist\u00f3ria da Salva\u00e7\u00e3o, foi a jovem Emirian Assun\u00e7\u00e3o.<\/p>\n\n\n\n<p><\/p>\n\n\n\n<figure class=\"wp-block-image size-large\"><img decoding=\"async\" loading=\"lazy\" width=\"1024\" height=\"1024\" src=\"https:\/\/www.salvatorianas.org.br\/blog\/wp-content\/uploads\/2024\/08\/b-1024x1024.png\" alt=\"\" class=\"wp-image-22121\" srcset=\"https:\/\/www.salvatorianas.org.br\/blog\/wp-content\/uploads\/2024\/08\/b-1024x1024.png 1024w, https:\/\/www.salvatorianas.org.br\/blog\/wp-content\/uploads\/2024\/08\/b-300x300.png 300w, https:\/\/www.salvatorianas.org.br\/blog\/wp-content\/uploads\/2024\/08\/b-150x150.png 150w, https:\/\/www.salvatorianas.org.br\/blog\/wp-content\/uploads\/2024\/08\/b-768x768.png 768w, https:\/\/www.salvatorianas.org.br\/blog\/wp-content\/uploads\/2024\/08\/b.png 1080w\" sizes=\"(max-width: 1024px) 100vw, 1024px\" \/><\/figure>\n\n\n\n<p><\/p>\n\n\n\n<figure class=\"wp-block-image size-large\"><img decoding=\"async\" loading=\"lazy\" width=\"1024\" height=\"1024\" src=\"https:\/\/www.salvatorianas.org.br\/blog\/wp-content\/uploads\/2024\/08\/c-1024x1024.png\" alt=\"\" class=\"wp-image-22122\" srcset=\"https:\/\/www.salvatorianas.org.br\/blog\/wp-content\/uploads\/2024\/08\/c-1024x1024.png 1024w, https:\/\/www.salvatorianas.org.br\/blog\/wp-content\/uploads\/2024\/08\/c-300x300.png 300w, https:\/\/www.salvatorianas.org.br\/blog\/wp-content\/uploads\/2024\/08\/c-150x150.png 150w, https:\/\/www.salvatorianas.org.br\/blog\/wp-content\/uploads\/2024\/08\/c-768x768.png 768w, https:\/\/www.salvatorianas.org.br\/blog\/wp-content\/uploads\/2024\/08\/c.png 1080w\" sizes=\"(max-width: 1024px) 100vw, 1024px\" \/><\/figure>\n\n\n\n<p><\/p>\n\n\n\n<figure class=\"wp-block-image size-large\"><img decoding=\"async\" loading=\"lazy\" width=\"1024\" height=\"1024\" src=\"https:\/\/www.salvatorianas.org.br\/blog\/wp-content\/uploads\/2024\/08\/d-1024x1024.png\" alt=\"\" class=\"wp-image-22123\" srcset=\"https:\/\/www.salvatorianas.org.br\/blog\/wp-content\/uploads\/2024\/08\/d-1024x1024.png 1024w, https:\/\/www.salvatorianas.org.br\/blog\/wp-content\/uploads\/2024\/08\/d-300x300.png 300w, https:\/\/www.salvatorianas.org.br\/blog\/wp-content\/uploads\/2024\/08\/d-150x150.png 150w, https:\/\/www.salvatorianas.org.br\/blog\/wp-content\/uploads\/2024\/08\/d-768x768.png 768w, https:\/\/www.salvatorianas.org.br\/blog\/wp-content\/uploads\/2024\/08\/d.png 1080w\" sizes=\"(max-width: 1024px) 100vw, 1024px\" \/><\/figure>\n\n\n\n<p><\/p>\n\n\n\n<figure class=\"wp-block-image size-large\"><img decoding=\"async\" loading=\"lazy\" width=\"1024\" height=\"1024\" src=\"https:\/\/www.salvatorianas.org.br\/blog\/wp-content\/uploads\/2024\/08\/e-1024x1024.png\" alt=\"\" class=\"wp-image-22124\" srcset=\"https:\/\/www.salvatorianas.org.br\/blog\/wp-content\/uploads\/2024\/08\/e-1024x1024.png 1024w, https:\/\/www.salvatorianas.org.br\/blog\/wp-content\/uploads\/2024\/08\/e-300x300.png 300w, https:\/\/www.salvatorianas.org.br\/blog\/wp-content\/uploads\/2024\/08\/e-150x150.png 150w, https:\/\/www.salvatorianas.org.br\/blog\/wp-content\/uploads\/2024\/08\/e-768x768.png 768w, https:\/\/www.salvatorianas.org.br\/blog\/wp-content\/uploads\/2024\/08\/e.png 1080w\" sizes=\"(max-width: 1024px) 100vw, 1024px\" \/><\/figure>\n","protected":false},"excerpt":{"rendered":"<p>Dia 27 e 28 de julho aconteceu o II M\u00f3dulo da Escola B\u00edblico Catequ\u00e9tica na Par\u00f3quia Senhor do Bonfim, em Xique-Xique\/BA. A Escola ter\u00e1 dura\u00e7\u00e3o de dois anos e acontece mensalmente. Seu objetivo&#8230;<\/p>\n","protected":false},"author":2,"featured_media":22125,"comment_status":"open","ping_status":"open","sticky":false,"template":"","format":"standard","meta":[],"categories":[1],"tags":[],"_links":{"self":[{"href":"https:\/\/www.salvatorianas.org.br\/blog\/wp-json\/wp\/v2\/posts\/22120"}],"collection":[{"href":"https:\/\/www.salvatorianas.org.br\/blog\/wp-json\/wp\/v2\/posts"}],"about":[{"href":"https:\/\/www.salvatorianas.org.br\/blog\/wp-json\/wp\/v2\/types\/post"}],"author":[{"embeddable":true,"href":"https:\/\/www.salvatorianas.org.br\/blog\/wp-json\/wp\/v2\/users\/2"}],"replies":[{"embeddable":true,"href":"https:\/\/www.salvatorianas.org.br\/blog\/wp-json\/wp\/v2\/comments?post=22120"}],"version-history":[{"count":1,"href":"https:\/\/www.salvatorianas.org.br\/blog\/wp-json\/wp\/v2\/posts\/22120\/revisions"}],"predecessor-version":[{"id":22126,"href":"https:\/\/www.salvatorianas.org.br\/blog\/wp-json\/wp\/v2\/posts\/22120\/revisions\/22126"}],"wp:featuredmedia":[{"embeddable":true,"href":"https:\/\/www.salvatorianas.org.br\/blog\/wp-json\/wp\/v2\/media\/22125"}],"wp:attachment":[{"href":"https:\/\/www.salvatorianas.org.br\/blog\/wp-json\/wp\/v2\/media?parent=22120"}],"wp:term":[{"taxonomy":"category","embeddable":true,"href":"https:\/\/www.salvatorianas.org.br\/blog\/wp-json\/wp\/v2\/categories?post=22120"},{"taxonomy":"post_tag","embeddable":true,"href":"https:\/\/www.salvatorianas.org.br\/blog\/wp-json\/wp\/v2\/tags?post=22120"}],"curies":[{"name":"wp","href":"https:\/\/api.w.org\/{rel}","templated":true}]}}