{"id":22104,"date":"2024-08-18T16:34:01","date_gmt":"2024-08-18T16:34:01","guid":{"rendered":"https:\/\/www.salvatorianas.org.br\/blog\/?p=22104"},"modified":"2024-08-01T18:31:34","modified_gmt":"2024-08-01T18:31:34","slug":"vocacao-a-vida-religiosa-e-assuncao-de-nossa-senhora","status":"publish","type":"post","link":"https:\/\/www.salvatorianas.org.br\/blog\/vocacao-a-vida-religiosa-e-assuncao-de-nossa-senhora\/","title":{"rendered":"Voca\u00e7\u00e3o \u00e0 Vida Religiosa e Assun\u00e7\u00e3o de Nossa Senhora"},"content":{"rendered":"\n<p><em>A Virgem Maria, M\u00e3e de Deus foi elevada \u00e0 gl\u00f3ria do c\u00e9u\u201d. Bendita sejas, Maria! Contigo cantamos as maravilhas que o Senhor realizou em voc\u00ea. Seja nossa intercessora para que sejamos fi\u00e9is a nossa voca\u00e7\u00e3o.<\/em><\/p>\n\n\n\n<figure class=\"wp-block-video\"><video autoplay controls src=\"https:\/\/www.salvatorianas.org.br\/blog\/wp-content\/uploads\/2024\/08\/Vocacao-a-Vida-religiosa-Assuncao-de-Nossa-Senhora-3.mp4\"><\/video><\/figure>\n","protected":false},"excerpt":{"rendered":"<p>A Virgem Maria, M\u00e3e de Deus foi elevada \u00e0 gl\u00f3ria do c\u00e9u\u201d. Bendita sejas, Maria! Contigo cantamos as maravilhas que o Senhor realizou em voc\u00ea. Seja nossa intercessora para que sejamos fi\u00e9is a&#8230;<\/p>\n","protected":false},"author":2,"featured_media":22114,"comment_status":"open","ping_status":"open","sticky":false,"template":"","format":"standard","meta":[],"categories":[1],"tags":[],"_links":{"self":[{"href":"https:\/\/www.salvatorianas.org.br\/blog\/wp-json\/wp\/v2\/posts\/22104"}],"collection":[{"href":"https:\/\/www.salvatorianas.org.br\/blog\/wp-json\/wp\/v2\/posts"}],"about":[{"href":"https:\/\/www.salvatorianas.org.br\/blog\/wp-json\/wp\/v2\/types\/post"}],"author":[{"embeddable":true,"href":"https:\/\/www.salvatorianas.org.br\/blog\/wp-json\/wp\/v2\/users\/2"}],"replies":[{"embeddable":true,"href":"https:\/\/www.salvatorianas.org.br\/blog\/wp-json\/wp\/v2\/comments?post=22104"}],"version-history":[{"count":3,"href":"https:\/\/www.salvatorianas.org.br\/blog\/wp-json\/wp\/v2\/posts\/22104\/revisions"}],"predecessor-version":[{"id":22118,"href":"https:\/\/www.salvatorianas.org.br\/blog\/wp-json\/wp\/v2\/posts\/22104\/revisions\/22118"}],"wp:featuredmedia":[{"embeddable":true,"href":"https:\/\/www.salvatorianas.org.br\/blog\/wp-json\/wp\/v2\/media\/22114"}],"wp:attachment":[{"href":"https:\/\/www.salvatorianas.org.br\/blog\/wp-json\/wp\/v2\/media?parent=22104"}],"wp:term":[{"taxonomy":"category","embeddable":true,"href":"https:\/\/www.salvatorianas.org.br\/blog\/wp-json\/wp\/v2\/categories?post=22104"},{"taxonomy":"post_tag","embeddable":true,"href":"https:\/\/www.salvatorianas.org.br\/blog\/wp-json\/wp\/v2\/tags?post=22104"}],"curies":[{"name":"wp","href":"https:\/\/api.w.org\/{rel}","templated":true}]}}