{"id":22101,"date":"2024-08-29T16:14:41","date_gmt":"2024-08-29T16:14:41","guid":{"rendered":"https:\/\/www.salvatorianas.org.br\/blog\/?p=22101"},"modified":"2024-08-01T16:24:48","modified_gmt":"2024-08-01T16:24:48","slug":"vamos-rezar-pelas-vocacoes-3","status":"publish","type":"post","link":"https:\/\/www.salvatorianas.org.br\/blog\/vamos-rezar-pelas-vocacoes-3\/","title":{"rendered":"Vamos Rezar pelas Voca\u00e7\u00f5es?"},"content":{"rendered":"\n<p><em>Jesus, Mestre Divino que chamastes os ap\u00f3stolos para vos seguirem, continuai a passar pelos nossos caminhos, pelas nossas fam\u00edlias, pelas nossas escolas. E continuai a repetir o convite a muitos de nossos jovens. Dai coragem \u00e0s pessoas convidadas, dai for\u00e7as para que vos sejam fi\u00e9is como ap\u00f3stolos leigos, como sacerdotes, como religiosos e religiosas para o bem do povo de Deus e de toda a humanidade. Am\u00e9m!\u00a0<\/em><\/p>\n\n\n\n<p><em>(S\u00e3o Paulo VI)\u00a0<\/em><\/p>\n","protected":false},"excerpt":{"rendered":"<p>Jesus, Mestre Divino que chamastes os ap\u00f3stolos para vos seguirem, continuai a passar pelos nossos caminhos, pelas nossas fam\u00edlias, pelas nossas escolas. E continuai a repetir o convite a muitos de nossos jovens&#8230;.<\/p>\n","protected":false},"author":2,"featured_media":22102,"comment_status":"open","ping_status":"open","sticky":false,"template":"","format":"standard","meta":[],"categories":[1],"tags":[],"_links":{"self":[{"href":"https:\/\/www.salvatorianas.org.br\/blog\/wp-json\/wp\/v2\/posts\/22101"}],"collection":[{"href":"https:\/\/www.salvatorianas.org.br\/blog\/wp-json\/wp\/v2\/posts"}],"about":[{"href":"https:\/\/www.salvatorianas.org.br\/blog\/wp-json\/wp\/v2\/types\/post"}],"author":[{"embeddable":true,"href":"https:\/\/www.salvatorianas.org.br\/blog\/wp-json\/wp\/v2\/users\/2"}],"replies":[{"embeddable":true,"href":"https:\/\/www.salvatorianas.org.br\/blog\/wp-json\/wp\/v2\/comments?post=22101"}],"version-history":[{"count":1,"href":"https:\/\/www.salvatorianas.org.br\/blog\/wp-json\/wp\/v2\/posts\/22101\/revisions"}],"predecessor-version":[{"id":22103,"href":"https:\/\/www.salvatorianas.org.br\/blog\/wp-json\/wp\/v2\/posts\/22101\/revisions\/22103"}],"wp:featuredmedia":[{"embeddable":true,"href":"https:\/\/www.salvatorianas.org.br\/blog\/wp-json\/wp\/v2\/media\/22102"}],"wp:attachment":[{"href":"https:\/\/www.salvatorianas.org.br\/blog\/wp-json\/wp\/v2\/media?parent=22101"}],"wp:term":[{"taxonomy":"category","embeddable":true,"href":"https:\/\/www.salvatorianas.org.br\/blog\/wp-json\/wp\/v2\/categories?post=22101"},{"taxonomy":"post_tag","embeddable":true,"href":"https:\/\/www.salvatorianas.org.br\/blog\/wp-json\/wp\/v2\/tags?post=22101"}],"curies":[{"name":"wp","href":"https:\/\/api.w.org\/{rel}","templated":true}]}}