{"id":22098,"date":"2024-08-22T16:10:47","date_gmt":"2024-08-22T16:10:47","guid":{"rendered":"https:\/\/www.salvatorianas.org.br\/blog\/?p=22098"},"modified":"2024-08-01T16:12:48","modified_gmt":"2024-08-01T16:12:48","slug":"vamos-rezar-pelas-vocacoes-2","status":"publish","type":"post","link":"https:\/\/www.salvatorianas.org.br\/blog\/vamos-rezar-pelas-vocacoes-2\/","title":{"rendered":"Vamos Rezar pelas Voca\u00e7\u00f5es?"},"content":{"rendered":"\n<p><em>Senhor, Mestre e Companheiro, Jesus de Nazar\u00e9, Filho de Deus e Filho de Maria: escuta-nos!<\/em><\/p>\n\n\n\n<p><em>Tu que chamastes os Doze, na hora primeira da Igreja e nos ensinaste a pedir mais bra\u00e7os para a messe, que \u00e9 muita; escuta-nos e chama! Convoca-nos, Jesus! Ainda h\u00e1 juventude em nossa P\u00e1tria Grande.<\/em><\/p>\n\n\n\n<p><em>Ainda n\u00e3o acabou em nosso meio a ra\u00e7a dos profetas e dos m\u00e1rtires. Ainda temos sede do Amor maior. Ainda somos capazes de viver teu Evangelho.<\/em><\/p>\n\n\n\n<p><em>Queremos seguir-te! Podemos beber teu c\u00e1lice. Prosseguiremos tua Miss\u00e3o: de anunciar a Boa Nova aos pobres; de libertar os cativos; de abrir os olhos aos cegos; proclamar para todos o tempo Novo da Gra\u00e7a.<\/em><\/p>\n\n\n\n<p><em>Como o Pai te enviou, envia-nos! \u00c0 gl\u00f3ria do pr\u00f3prio Pai e na comunh\u00e3o do Esp\u00edrito, para a Salva\u00e7\u00e3o do Mundo. Am\u00e9m!<\/em><\/p>\n\n\n\n<p><em>(Dom Pedro Casaldaliga)<\/em><\/p>\n","protected":false},"excerpt":{"rendered":"<p>Senhor, Mestre e Companheiro, Jesus de Nazar\u00e9, Filho de Deus e Filho de Maria: escuta-nos! Tu que chamastes os Doze, na hora primeira da Igreja e nos ensinaste a pedir mais bra\u00e7os para&#8230;<\/p>\n","protected":false},"author":2,"featured_media":22099,"comment_status":"open","ping_status":"open","sticky":false,"template":"","format":"standard","meta":[],"categories":[1],"tags":[],"_links":{"self":[{"href":"https:\/\/www.salvatorianas.org.br\/blog\/wp-json\/wp\/v2\/posts\/22098"}],"collection":[{"href":"https:\/\/www.salvatorianas.org.br\/blog\/wp-json\/wp\/v2\/posts"}],"about":[{"href":"https:\/\/www.salvatorianas.org.br\/blog\/wp-json\/wp\/v2\/types\/post"}],"author":[{"embeddable":true,"href":"https:\/\/www.salvatorianas.org.br\/blog\/wp-json\/wp\/v2\/users\/2"}],"replies":[{"embeddable":true,"href":"https:\/\/www.salvatorianas.org.br\/blog\/wp-json\/wp\/v2\/comments?post=22098"}],"version-history":[{"count":1,"href":"https:\/\/www.salvatorianas.org.br\/blog\/wp-json\/wp\/v2\/posts\/22098\/revisions"}],"predecessor-version":[{"id":22100,"href":"https:\/\/www.salvatorianas.org.br\/blog\/wp-json\/wp\/v2\/posts\/22098\/revisions\/22100"}],"wp:featuredmedia":[{"embeddable":true,"href":"https:\/\/www.salvatorianas.org.br\/blog\/wp-json\/wp\/v2\/media\/22099"}],"wp:attachment":[{"href":"https:\/\/www.salvatorianas.org.br\/blog\/wp-json\/wp\/v2\/media?parent=22098"}],"wp:term":[{"taxonomy":"category","embeddable":true,"href":"https:\/\/www.salvatorianas.org.br\/blog\/wp-json\/wp\/v2\/categories?post=22098"},{"taxonomy":"post_tag","embeddable":true,"href":"https:\/\/www.salvatorianas.org.br\/blog\/wp-json\/wp\/v2\/tags?post=22098"}],"curies":[{"name":"wp","href":"https:\/\/api.w.org\/{rel}","templated":true}]}}