{"id":22090,"date":"2024-08-08T14:31:01","date_gmt":"2024-08-08T14:31:01","guid":{"rendered":"https:\/\/www.salvatorianas.org.br\/blog\/?p=22090"},"modified":"2024-08-01T14:50:08","modified_gmt":"2024-08-01T14:50:08","slug":"vamos-rezar-pelas-vocacoes","status":"publish","type":"post","link":"https:\/\/www.salvatorianas.org.br\/blog\/vamos-rezar-pelas-vocacoes\/","title":{"rendered":"Vamos Rezar pelas Voca\u00e7\u00f5es?"},"content":{"rendered":"\n<p><em>Senhor Jesus Cristo, que sondas o \u00edntimo de cada ser humano, desperta no cora\u00e7\u00e3o de todas as pessoas, o ardor e o amor pela justi\u00e7a do teu Reino.<\/em><\/p>\n\n\n\n<p><em>Num mundo cheio de incertezas e desilus\u00f5es, onde a vida est\u00e1 sendo apagada, concede a gra\u00e7a do chamado a homens e mulheres, para que conhe\u00e7am a Ti, seu Divino Salvador.<\/em><\/p>\n\n\n\n<p><em>Abre o cora\u00e7\u00e3o daqueles que procuram seguir teus passos, para que possam acolher o teu chamado, propagando o teu Reino a todos que esperam a salva\u00e7\u00e3o.<\/em><\/p>\n\n\n\n<p><em>Derrama teu Esp\u00edrito renovador sobre todos que, no servi\u00e7o de tua messe, trabalham como oper\u00e1rios, anunciando tua Boa Nova de Salva\u00e7\u00e3o. Am\u00e9m.<\/em><\/p>\n\n\n\n<p><em>(Preces Salvatorianas)<\/em><\/p>\n","protected":false},"excerpt":{"rendered":"<p>Senhor Jesus Cristo, que sondas o \u00edntimo de cada ser humano, desperta no cora\u00e7\u00e3o de todas as pessoas, o ardor e o amor pela justi\u00e7a do teu Reino. Num mundo cheio de incertezas&#8230;<\/p>\n","protected":false},"author":2,"featured_media":22091,"comment_status":"open","ping_status":"open","sticky":false,"template":"","format":"standard","meta":[],"categories":[1],"tags":[],"_links":{"self":[{"href":"https:\/\/www.salvatorianas.org.br\/blog\/wp-json\/wp\/v2\/posts\/22090"}],"collection":[{"href":"https:\/\/www.salvatorianas.org.br\/blog\/wp-json\/wp\/v2\/posts"}],"about":[{"href":"https:\/\/www.salvatorianas.org.br\/blog\/wp-json\/wp\/v2\/types\/post"}],"author":[{"embeddable":true,"href":"https:\/\/www.salvatorianas.org.br\/blog\/wp-json\/wp\/v2\/users\/2"}],"replies":[{"embeddable":true,"href":"https:\/\/www.salvatorianas.org.br\/blog\/wp-json\/wp\/v2\/comments?post=22090"}],"version-history":[{"count":2,"href":"https:\/\/www.salvatorianas.org.br\/blog\/wp-json\/wp\/v2\/posts\/22090\/revisions"}],"predecessor-version":[{"id":22095,"href":"https:\/\/www.salvatorianas.org.br\/blog\/wp-json\/wp\/v2\/posts\/22090\/revisions\/22095"}],"wp:featuredmedia":[{"embeddable":true,"href":"https:\/\/www.salvatorianas.org.br\/blog\/wp-json\/wp\/v2\/media\/22091"}],"wp:attachment":[{"href":"https:\/\/www.salvatorianas.org.br\/blog\/wp-json\/wp\/v2\/media?parent=22090"}],"wp:term":[{"taxonomy":"category","embeddable":true,"href":"https:\/\/www.salvatorianas.org.br\/blog\/wp-json\/wp\/v2\/categories?post=22090"},{"taxonomy":"post_tag","embeddable":true,"href":"https:\/\/www.salvatorianas.org.br\/blog\/wp-json\/wp\/v2\/tags?post=22090"}],"curies":[{"name":"wp","href":"https:\/\/api.w.org\/{rel}","templated":true}]}}