{"id":2207,"date":"2015-05-15T00:00:00","date_gmt":"2015-05-15T00:00:00","guid":{"rendered":"https:\/\/www.salvatorianas.org.br\/blog\/pastoral-afro-brasileira-reafirma-necessidade-de-politicas-afirmativas-para-populacao-negra\/"},"modified":"2015-05-15T00:00:00","modified_gmt":"2015-05-15T00:00:00","slug":"pastoral-afro-brasileira-reafirma-necessidade-de-politicas-afirmativas-para-populacao-negra","status":"publish","type":"post","link":"https:\/\/www.salvatorianas.org.br\/blog\/pastoral-afro-brasileira-reafirma-necessidade-de-politicas-afirmativas-para-populacao-negra\/","title":{"rendered":"Pastoral Afro-brasileira reafirma necessidade de pol\u00edticas afirmativas para popula\u00e7\u00e3o negra"},"content":{"rendered":"<p style=\"text-align: justify;\">[imagem1]<\/p>\n<p style=\"text-align: justify;\">O coordenador da Pastoral Afro-brasileira da Confer&ecirc;ncia Nacional dos Bispos do Brasil (CNBB), padre Jurandyr Azevedo de Ara&uacute;jo (ISJB) emitiu mensagem para os 127 anos de assinatura da Lei &Aacute;urea, lembrados em 13 de maio, uma das datas que marcam a mem&oacute;ria de lutas da popula&ccedil;&atilde;o afro-brasileira.<\/p>\n<p>Padre Jurandyr considera 13 de maio &ldquo;uma data marcante para o Brasil&rdquo;, mas ressalta que &ldquo;a aboli&ccedil;&atilde;o da escravatura &eacute; uma obra inconclusa, devido &agrave;s prec&aacute;rias condi&ccedil;&otilde;es de vida da popula&ccedil;&atilde;o negra&rdquo;. [imagem2]<\/p>\n<p>Para o sacerdote, a &ldquo;lembran&ccedil;a desta data traz para a na&ccedil;&atilde;o brasileira a oportunidade de renovar o compromisso de solidariedade para com a popula&ccedil;&atilde;o afro-brasileira, majoritariamente vivendo em condi&ccedil;&otilde;es de pobreza e mis&eacute;ria&rdquo;.<\/p>\n<p><strong>Papel da Igreja<\/strong><\/p>\n<p style=\"text-align: justify;\">A Igreja coloca-se, acentua padre Jurandyr, em uma posi&ccedil;&atilde;o de solidariedade e de defesa da popula&ccedil;&atilde;o afro. &ldquo;A Igreja Cat&oacute;lica no Brasil, consciente da sua miss&atilde;o de &ldquo;ser a advogada da justi&ccedil;a de defensora dos pobres&rdquo; (DAp 395),&nbsp; coloca-se ao lado destes irm&atilde;os ainda marginalizados&rdquo;.<\/p>\n<p>O coordenador da Pastoral Afro-brasileira lembra especialmente dos povos quilombolas, muitas vezes perseguidos em sua luta pela recupera&ccedil;&atilde;o dos seus territ&oacute;rios. &ldquo;Garantir a esta popula&ccedil;&atilde;o a posse legalizada do seu territ&oacute;rio significa muito mais do que garantir um peda&ccedil;o de ch&atilde;o. &Eacute; a garantia da preserva&ccedil;&atilde;o da heran&ccedil;a das culturas e das tradi&ccedil;&otilde;es afro-brasileiras presentes nestas popula&ccedil;&otilde;es&rdquo;.<\/p>\n<p><strong>Pol&iacute;ticas p&uacute;blicas<\/strong><\/p>\n<p>Na opini&atilde;o da Pastoral Afro-brasileira, uma educa&ccedil;&atilde;o b&aacute;sica de qualidade &eacute; um dos caminhos para aprofundar as pol&iacute;ticas e a&ccedil;&otilde;es afirmativas de inclus&atilde;o cidad&atilde; do restante da popula&ccedil;&atilde;o afro-brasileira, especialmente as crian&ccedil;as e jovens.<\/p>\n<p>Al&eacute;m disso, se faz necess&aacute;rio, o acesso ao ensino superior p&uacute;blico e gratuito e o atendimento qualificado nas quest&otilde;es de&nbsp;sa&uacute;de.<\/p>\n<p>Padre Jurandyr de Ara&uacute;jo recorda que &ldquo;Jesus Cristo aquele que revela o Deus misericordioso, nos convida ao compromisso samaritano, prof&eacute;tico, que ilumina o compromisso eclesial com toda a popula&ccedil;&atilde;o afro-brasileira, pelo atendimento qualificado nas quest&otilde;es brasileiras&rsquo;&rsquo; e roga pela prote&ccedil;&atilde;o de Maria, sob o t&iacute;tulo de Nossa Senhora de F&aacute;tima, cuja festa celebra-se em 13 de maio, para todos os que se comprometem com a causa da popula&ccedil;&atilde;o afro.&nbsp;<\/p>\n<p>A Pastoral Afro-brasileira est&aacute; em fase de prepara&ccedil;&atilde;o para o VIII Congresso Nacional das Entidades Negras Cat&oacute;licas (Conenc), que acontecer&aacute; de 16 a 19 de julho de 2015, em Duque de Caxias (RJ). &nbsp;<\/p>\n<p>O tema do Conenc ser&aacute; &ldquo;Profetismo: Construindo uma sociedade Justa e Solid&aacute;ria&rdquo;. O lema ser&aacute; &ldquo;Chamei voc&ecirc; para o servi&ccedil;o da Justi&ccedil;a e coloquei como alian&ccedil;a do meu povo e luz das na&ccedil;&otilde;es&rdquo; (Is 42, 6).<\/p>\n<p style=\"text-align: justify;\">Fonte: POM<\/p>\n","protected":false},"excerpt":{"rendered":"<p>[imagem1] O coordenador da Pastoral Afro-brasileira da Confer&ecirc;ncia Nacional dos Bispos do Brasil (CNBB), padre Jurandyr Azevedo de Ara&uacute;jo (ISJB) emitiu mensagem para os 127 anos de assinatura da Lei &Aacute;urea, lembrados em&#8230;<\/p>\n","protected":false},"author":1,"featured_media":2445,"comment_status":"open","ping_status":"open","sticky":false,"template":"","format":"standard","meta":[],"categories":[1],"tags":[],"_links":{"self":[{"href":"https:\/\/www.salvatorianas.org.br\/blog\/wp-json\/wp\/v2\/posts\/2207"}],"collection":[{"href":"https:\/\/www.salvatorianas.org.br\/blog\/wp-json\/wp\/v2\/posts"}],"about":[{"href":"https:\/\/www.salvatorianas.org.br\/blog\/wp-json\/wp\/v2\/types\/post"}],"author":[{"embeddable":true,"href":"https:\/\/www.salvatorianas.org.br\/blog\/wp-json\/wp\/v2\/users\/1"}],"replies":[{"embeddable":true,"href":"https:\/\/www.salvatorianas.org.br\/blog\/wp-json\/wp\/v2\/comments?post=2207"}],"version-history":[{"count":0,"href":"https:\/\/www.salvatorianas.org.br\/blog\/wp-json\/wp\/v2\/posts\/2207\/revisions"}],"wp:featuredmedia":[{"embeddable":true,"href":"https:\/\/www.salvatorianas.org.br\/blog\/wp-json\/wp\/v2\/media\/2445"}],"wp:attachment":[{"href":"https:\/\/www.salvatorianas.org.br\/blog\/wp-json\/wp\/v2\/media?parent=2207"}],"wp:term":[{"taxonomy":"category","embeddable":true,"href":"https:\/\/www.salvatorianas.org.br\/blog\/wp-json\/wp\/v2\/categories?post=2207"},{"taxonomy":"post_tag","embeddable":true,"href":"https:\/\/www.salvatorianas.org.br\/blog\/wp-json\/wp\/v2\/tags?post=2207"}],"curies":[{"name":"wp","href":"https:\/\/api.w.org\/{rel}","templated":true}]}}