{"id":22065,"date":"2024-07-21T21:00:35","date_gmt":"2024-07-21T21:00:35","guid":{"rendered":"https:\/\/www.salvatorianas.org.br\/blog\/?p=22065"},"modified":"2024-07-21T21:01:24","modified_gmt":"2024-07-21T21:01:24","slug":"missoes-populares-diocese-barra-ba","status":"publish","type":"post","link":"https:\/\/www.salvatorianas.org.br\/blog\/missoes-populares-diocese-barra-ba\/","title":{"rendered":"MISS\u00d5ES POPULARES \u2013 DIOCESE BARRA\/BA"},"content":{"rendered":"\n<p><\/p>\n\n\n\n<p>Nos dias 15 a 20 de julho, aconteceu na cidade de Ibiraba, diocese de Barra-BA, na par\u00f3quia Santa Cruz, as santas miss\u00f5es populares, com o tema: \u201cSe algu\u00e9m quiser ser meu disc\u00edpulo&#8230; tome sua Cruz e siga-me\u201d! (Mt16,24).<\/p>\n\n\n\n<p>Tendo como coordena\u00e7\u00e3o da miss\u00e3o o padre C\u00edcero Keobis e equipe respons\u00e1vel, a miss\u00e3o foi composta pelas formandas Salvatorianas,a novi\u00e7a Caline Leite Alves e a postulante Andreza Ribeiro Silva, mission\u00e1rios\/as vindos de Santa Catarina, S\u00e3o Paulo e da diocese de Barra.<\/p>\n\n\n\n<p>A miss\u00e3o aconteceu em uma regi\u00e3o muito rica em diversidade cultural e agr\u00edcola, tendo como maior fonte de renda a colheita da cana de a\u00e7\u00facar. Os mission\u00e1rios encontram a popula\u00e7\u00e3o em seus engenhos e alambiques, mas mesmo em tempo de colheita, sa\u00edram de seus lares e trabalhos para se reunirem em comunidade.<\/p>\n\n\n\n<p>Forma dias de muita alegria, partilha e fortalecimento da f\u00e9 e vida mission\u00e1ria. Foi um tempo de reavivamento da vida comunit\u00e1ria, tornando ainda mais conhecido o Divino Salvador, atrav\u00e9s das celebra\u00e7\u00f5es da palavra, das visitas as fam\u00edlias, encontro com jovens, crian\u00e7as, ter\u00e7o dos homens e encontro com as mulheres.<\/p>\n\n\n\n<p>\u201cSenhor, quando ou\u00e7o falar em miss\u00f5es, sinto em mim um grande impulso, tanto amor, tanta vontade, que s\u00f3 ent\u00e3o experimento em mim&#8221;. Que Maria dos Ap\u00f3stolos interceda a Jesus por todos os mission\u00e1rios\/as.<\/p>\n\n\n\n<figure class=\"wp-block-image size-large is-resized\"><img decoding=\"async\" loading=\"lazy\" src=\"https:\/\/www.salvatorianas.org.br\/blog\/wp-content\/uploads\/2024\/07\/2-2-1024x1024.png\" alt=\"\" class=\"wp-image-22066\" width=\"768\" height=\"768\" srcset=\"https:\/\/www.salvatorianas.org.br\/blog\/wp-content\/uploads\/2024\/07\/2-2-1024x1024.png 1024w, https:\/\/www.salvatorianas.org.br\/blog\/wp-content\/uploads\/2024\/07\/2-2-300x300.png 300w, https:\/\/www.salvatorianas.org.br\/blog\/wp-content\/uploads\/2024\/07\/2-2-150x150.png 150w, https:\/\/www.salvatorianas.org.br\/blog\/wp-content\/uploads\/2024\/07\/2-2-768x768.png 768w, https:\/\/www.salvatorianas.org.br\/blog\/wp-content\/uploads\/2024\/07\/2-2.png 1080w\" sizes=\"(max-width: 768px) 100vw, 768px\" \/><\/figure>\n\n\n\n<p><\/p>\n\n\n\n<figure class=\"wp-block-image size-large is-resized\"><img decoding=\"async\" loading=\"lazy\" src=\"https:\/\/www.salvatorianas.org.br\/blog\/wp-content\/uploads\/2024\/07\/3-2-1024x1024.png\" alt=\"\" class=\"wp-image-22067\" width=\"768\" height=\"768\" srcset=\"https:\/\/www.salvatorianas.org.br\/blog\/wp-content\/uploads\/2024\/07\/3-2-1024x1024.png 1024w, https:\/\/www.salvatorianas.org.br\/blog\/wp-content\/uploads\/2024\/07\/3-2-300x300.png 300w, https:\/\/www.salvatorianas.org.br\/blog\/wp-content\/uploads\/2024\/07\/3-2-150x150.png 150w, https:\/\/www.salvatorianas.org.br\/blog\/wp-content\/uploads\/2024\/07\/3-2-768x768.png 768w, https:\/\/www.salvatorianas.org.br\/blog\/wp-content\/uploads\/2024\/07\/3-2.png 1080w\" sizes=\"(max-width: 768px) 100vw, 768px\" \/><\/figure>\n\n\n\n<p><\/p>\n\n\n\n<figure class=\"wp-block-image size-large is-resized\"><img decoding=\"async\" loading=\"lazy\" src=\"https:\/\/www.salvatorianas.org.br\/blog\/wp-content\/uploads\/2024\/07\/4-2-1024x1024.png\" alt=\"\" class=\"wp-image-22068\" width=\"768\" height=\"768\" srcset=\"https:\/\/www.salvatorianas.org.br\/blog\/wp-content\/uploads\/2024\/07\/4-2-1024x1024.png 1024w, https:\/\/www.salvatorianas.org.br\/blog\/wp-content\/uploads\/2024\/07\/4-2-300x300.png 300w, https:\/\/www.salvatorianas.org.br\/blog\/wp-content\/uploads\/2024\/07\/4-2-150x150.png 150w, https:\/\/www.salvatorianas.org.br\/blog\/wp-content\/uploads\/2024\/07\/4-2-768x768.png 768w, https:\/\/www.salvatorianas.org.br\/blog\/wp-content\/uploads\/2024\/07\/4-2.png 1080w\" sizes=\"(max-width: 768px) 100vw, 768px\" \/><\/figure>\n\n\n\n<p><\/p>\n\n\n\n<figure class=\"wp-block-image size-large is-resized\"><img decoding=\"async\" loading=\"lazy\" src=\"https:\/\/www.salvatorianas.org.br\/blog\/wp-content\/uploads\/2024\/07\/5-1-1024x1024.png\" alt=\"\" class=\"wp-image-22069\" width=\"768\" height=\"768\" srcset=\"https:\/\/www.salvatorianas.org.br\/blog\/wp-content\/uploads\/2024\/07\/5-1-1024x1024.png 1024w, https:\/\/www.salvatorianas.org.br\/blog\/wp-content\/uploads\/2024\/07\/5-1-300x300.png 300w, https:\/\/www.salvatorianas.org.br\/blog\/wp-content\/uploads\/2024\/07\/5-1-150x150.png 150w, https:\/\/www.salvatorianas.org.br\/blog\/wp-content\/uploads\/2024\/07\/5-1-768x768.png 768w, https:\/\/www.salvatorianas.org.br\/blog\/wp-content\/uploads\/2024\/07\/5-1.png 1080w\" sizes=\"(max-width: 768px) 100vw, 768px\" \/><\/figure>\n\n\n\n<p><\/p>\n\n\n\n<p><\/p>\n\n\n\n<figure class=\"wp-block-image size-large is-resized\"><img decoding=\"async\" loading=\"lazy\" src=\"https:\/\/www.salvatorianas.org.br\/blog\/wp-content\/uploads\/2024\/07\/6-1024x1024.png\" alt=\"\" class=\"wp-image-22070\" width=\"768\" height=\"768\" srcset=\"https:\/\/www.salvatorianas.org.br\/blog\/wp-content\/uploads\/2024\/07\/6-1024x1024.png 1024w, https:\/\/www.salvatorianas.org.br\/blog\/wp-content\/uploads\/2024\/07\/6-300x300.png 300w, https:\/\/www.salvatorianas.org.br\/blog\/wp-content\/uploads\/2024\/07\/6-150x150.png 150w, https:\/\/www.salvatorianas.org.br\/blog\/wp-content\/uploads\/2024\/07\/6-768x768.png 768w, https:\/\/www.salvatorianas.org.br\/blog\/wp-content\/uploads\/2024\/07\/6.png 1080w\" sizes=\"(max-width: 768px) 100vw, 768px\" \/><\/figure>\n\n\n\n<p><\/p>\n\n\n\n<figure class=\"wp-block-image size-large is-resized\"><img decoding=\"async\" loading=\"lazy\" src=\"https:\/\/www.salvatorianas.org.br\/blog\/wp-content\/uploads\/2024\/07\/7-1-1024x1024.png\" alt=\"\" class=\"wp-image-22071\" width=\"768\" height=\"768\" srcset=\"https:\/\/www.salvatorianas.org.br\/blog\/wp-content\/uploads\/2024\/07\/7-1-1024x1024.png 1024w, https:\/\/www.salvatorianas.org.br\/blog\/wp-content\/uploads\/2024\/07\/7-1-300x300.png 300w, https:\/\/www.salvatorianas.org.br\/blog\/wp-content\/uploads\/2024\/07\/7-1-150x150.png 150w, https:\/\/www.salvatorianas.org.br\/blog\/wp-content\/uploads\/2024\/07\/7-1-768x768.png 768w, https:\/\/www.salvatorianas.org.br\/blog\/wp-content\/uploads\/2024\/07\/7-1.png 1080w\" sizes=\"(max-width: 768px) 100vw, 768px\" \/><\/figure>\n","protected":false},"excerpt":{"rendered":"<p>Nos dias 15 a 20 de julho, aconteceu na cidade de Ibiraba, diocese de Barra-BA, na par\u00f3quia Santa Cruz, as santas miss\u00f5es populares, com o tema: \u201cSe algu\u00e9m quiser ser meu disc\u00edpulo&#8230; tome&#8230;<\/p>\n","protected":false},"author":2,"featured_media":22072,"comment_status":"open","ping_status":"open","sticky":false,"template":"","format":"standard","meta":[],"categories":[1],"tags":[],"_links":{"self":[{"href":"https:\/\/www.salvatorianas.org.br\/blog\/wp-json\/wp\/v2\/posts\/22065"}],"collection":[{"href":"https:\/\/www.salvatorianas.org.br\/blog\/wp-json\/wp\/v2\/posts"}],"about":[{"href":"https:\/\/www.salvatorianas.org.br\/blog\/wp-json\/wp\/v2\/types\/post"}],"author":[{"embeddable":true,"href":"https:\/\/www.salvatorianas.org.br\/blog\/wp-json\/wp\/v2\/users\/2"}],"replies":[{"embeddable":true,"href":"https:\/\/www.salvatorianas.org.br\/blog\/wp-json\/wp\/v2\/comments?post=22065"}],"version-history":[{"count":2,"href":"https:\/\/www.salvatorianas.org.br\/blog\/wp-json\/wp\/v2\/posts\/22065\/revisions"}],"predecessor-version":[{"id":22074,"href":"https:\/\/www.salvatorianas.org.br\/blog\/wp-json\/wp\/v2\/posts\/22065\/revisions\/22074"}],"wp:featuredmedia":[{"embeddable":true,"href":"https:\/\/www.salvatorianas.org.br\/blog\/wp-json\/wp\/v2\/media\/22072"}],"wp:attachment":[{"href":"https:\/\/www.salvatorianas.org.br\/blog\/wp-json\/wp\/v2\/media?parent=22065"}],"wp:term":[{"taxonomy":"category","embeddable":true,"href":"https:\/\/www.salvatorianas.org.br\/blog\/wp-json\/wp\/v2\/categories?post=22065"},{"taxonomy":"post_tag","embeddable":true,"href":"https:\/\/www.salvatorianas.org.br\/blog\/wp-json\/wp\/v2\/tags?post=22065"}],"curies":[{"name":"wp","href":"https:\/\/api.w.org\/{rel}","templated":true}]}}