{"id":22043,"date":"2024-07-08T23:35:43","date_gmt":"2024-07-08T23:35:43","guid":{"rendered":"https:\/\/www.salvatorianas.org.br\/blog\/?p=22043"},"modified":"2024-07-08T23:35:44","modified_gmt":"2024-07-08T23:35:44","slug":"47a-romaria-da-terra-e-das-aguas","status":"publish","type":"post","link":"https:\/\/www.salvatorianas.org.br\/blog\/47a-romaria-da-terra-e-das-aguas\/","title":{"rendered":"47\u00aa Romaria da Terra e das \u00c1guas"},"content":{"rendered":"\n<p>Entre os dias 05 e 07 de julho de 2024 a Comunidade das Irm\u00e3s Salvatorianas e novi\u00e7a de Xique Xique\/BA, reunidas com sete mil romeiros\/as vindos\/as das comunidades eclesiais, organiza\u00e7\u00f5es pastorais, sociais e populares das dioceses do Centro-Oeste, Centro Norte, Sul, Extremo Sul, Sudoeste da Bahia, Norte e Nordeste de Minas Gerais, Sergipe e Esp\u00edrito Santo celebraram em comunh\u00e3o a 47\u00aa Romaria da Terra e das \u00c1guas no munic\u00edpio de Bom Jesus da Lapa. Foi sob o Tema&nbsp;<strong>\u201cDe m\u00e3os dadas por justi\u00e7a socioambiental para salvar a Casa Comum\u201d<\/strong>&nbsp;e o lema&nbsp;<em>\u201cFarei uma nova alian\u00e7a com meu povo\u201d<\/em>&nbsp;(Jer. 31, 31), que os\/as romeiros\/as foram acolhidas e acolhidos nesse encontro de irm\u00e3os. Inspirados pelas caminhadas de luta e resist\u00eancia diversas dos povos, constitu\u00edram-se momentos de celebra\u00e7\u00e3o, partilha, reflex\u00e3o e sa\u00eddas organizativas e pol\u00edticas em favor da Casa Comum e dos direitos fundamentais do povo.<\/p>\n\n\n\n<p><em>\u201cO presente \u00e9 t\u00e3o grande, n\u00e3o nos afastemos. N\u00e3o nos afastemos muito, vamos de m\u00e3os dadas\u201d. Carlos Drummond de Andrade<\/em><\/p>\n\n\n\n<p>Leia mais: <a href=\"https:\/\/cptba.org.br\/carta-da-47a-romaria-da-terra-e-das-aguas\/?sfnsn=wiwspwa\">https:\/\/cptba.org.br\/carta-da-47a-romaria-da-terra-e-das-aguas\/?sfnsn=wiwspwa<\/a><\/p>\n\n\n\n<p><\/p>\n\n\n\n<figure class=\"wp-block-image size-large\"><img decoding=\"async\" loading=\"lazy\" width=\"1024\" height=\"1024\" src=\"https:\/\/www.salvatorianas.org.br\/blog\/wp-content\/uploads\/2024\/07\/2-1024x1024.png\" alt=\"\" class=\"wp-image-22045\" srcset=\"https:\/\/www.salvatorianas.org.br\/blog\/wp-content\/uploads\/2024\/07\/2-1024x1024.png 1024w, https:\/\/www.salvatorianas.org.br\/blog\/wp-content\/uploads\/2024\/07\/2-300x300.png 300w, https:\/\/www.salvatorianas.org.br\/blog\/wp-content\/uploads\/2024\/07\/2-150x150.png 150w, https:\/\/www.salvatorianas.org.br\/blog\/wp-content\/uploads\/2024\/07\/2-768x768.png 768w, https:\/\/www.salvatorianas.org.br\/blog\/wp-content\/uploads\/2024\/07\/2.png 1080w\" sizes=\"(max-width: 1024px) 100vw, 1024px\" \/><\/figure>\n\n\n\n<p><\/p>\n\n\n\n<figure class=\"wp-block-image size-large\"><img decoding=\"async\" loading=\"lazy\" width=\"1024\" height=\"1024\" src=\"https:\/\/www.salvatorianas.org.br\/blog\/wp-content\/uploads\/2024\/07\/3-1024x1024.png\" alt=\"\" class=\"wp-image-22046\" srcset=\"https:\/\/www.salvatorianas.org.br\/blog\/wp-content\/uploads\/2024\/07\/3-1024x1024.png 1024w, https:\/\/www.salvatorianas.org.br\/blog\/wp-content\/uploads\/2024\/07\/3-300x300.png 300w, https:\/\/www.salvatorianas.org.br\/blog\/wp-content\/uploads\/2024\/07\/3-150x150.png 150w, https:\/\/www.salvatorianas.org.br\/blog\/wp-content\/uploads\/2024\/07\/3-768x768.png 768w, https:\/\/www.salvatorianas.org.br\/blog\/wp-content\/uploads\/2024\/07\/3.png 1080w\" sizes=\"(max-width: 1024px) 100vw, 1024px\" \/><\/figure>\n\n\n\n<p><\/p>\n\n\n\n<figure class=\"wp-block-image size-large\"><img decoding=\"async\" loading=\"lazy\" width=\"1080\" height=\"1080\" src=\"https:\/\/www.salvatorianas.org.br\/blog\/wp-content\/uploads\/2024\/07\/4-1024x1024.png\" alt=\"\" class=\"wp-image-22047\" srcset=\"https:\/\/www.salvatorianas.org.br\/blog\/wp-content\/uploads\/2024\/07\/4-1024x1024.png 1024w, https:\/\/www.salvatorianas.org.br\/blog\/wp-content\/uploads\/2024\/07\/4-300x300.png 300w, https:\/\/www.salvatorianas.org.br\/blog\/wp-content\/uploads\/2024\/07\/4-150x150.png 150w, https:\/\/www.salvatorianas.org.br\/blog\/wp-content\/uploads\/2024\/07\/4-768x768.png 768w, https:\/\/www.salvatorianas.org.br\/blog\/wp-content\/uploads\/2024\/07\/4.png 1080w\" sizes=\"(max-width: 1080px) 100vw, 1080px\" \/><\/figure>\n\n\n\n<p><\/p>\n\n\n\n<figure class=\"wp-block-image size-large\"><img decoding=\"async\" loading=\"lazy\" width=\"1024\" height=\"1024\" src=\"https:\/\/www.salvatorianas.org.br\/blog\/wp-content\/uploads\/2024\/07\/5-1024x1024.png\" alt=\"\" class=\"wp-image-22048\" srcset=\"https:\/\/www.salvatorianas.org.br\/blog\/wp-content\/uploads\/2024\/07\/5-1024x1024.png 1024w, https:\/\/www.salvatorianas.org.br\/blog\/wp-content\/uploads\/2024\/07\/5-300x300.png 300w, https:\/\/www.salvatorianas.org.br\/blog\/wp-content\/uploads\/2024\/07\/5-150x150.png 150w, https:\/\/www.salvatorianas.org.br\/blog\/wp-content\/uploads\/2024\/07\/5-768x768.png 768w, https:\/\/www.salvatorianas.org.br\/blog\/wp-content\/uploads\/2024\/07\/5.png 1080w\" sizes=\"(max-width: 1024px) 100vw, 1024px\" \/><\/figure>\n","protected":false},"excerpt":{"rendered":"<p>Entre os dias 05 e 07 de julho de 2024 a Comunidade das Irm\u00e3s Salvatorianas e novi\u00e7a de Xique Xique\/BA, reunidas com sete mil romeiros\/as vindos\/as das comunidades eclesiais, organiza\u00e7\u00f5es pastorais, sociais e&#8230;<\/p>\n","protected":false},"author":2,"featured_media":22044,"comment_status":"open","ping_status":"open","sticky":false,"template":"","format":"standard","meta":[],"categories":[1],"tags":[],"_links":{"self":[{"href":"https:\/\/www.salvatorianas.org.br\/blog\/wp-json\/wp\/v2\/posts\/22043"}],"collection":[{"href":"https:\/\/www.salvatorianas.org.br\/blog\/wp-json\/wp\/v2\/posts"}],"about":[{"href":"https:\/\/www.salvatorianas.org.br\/blog\/wp-json\/wp\/v2\/types\/post"}],"author":[{"embeddable":true,"href":"https:\/\/www.salvatorianas.org.br\/blog\/wp-json\/wp\/v2\/users\/2"}],"replies":[{"embeddable":true,"href":"https:\/\/www.salvatorianas.org.br\/blog\/wp-json\/wp\/v2\/comments?post=22043"}],"version-history":[{"count":1,"href":"https:\/\/www.salvatorianas.org.br\/blog\/wp-json\/wp\/v2\/posts\/22043\/revisions"}],"predecessor-version":[{"id":22049,"href":"https:\/\/www.salvatorianas.org.br\/blog\/wp-json\/wp\/v2\/posts\/22043\/revisions\/22049"}],"wp:featuredmedia":[{"embeddable":true,"href":"https:\/\/www.salvatorianas.org.br\/blog\/wp-json\/wp\/v2\/media\/22044"}],"wp:attachment":[{"href":"https:\/\/www.salvatorianas.org.br\/blog\/wp-json\/wp\/v2\/media?parent=22043"}],"wp:term":[{"taxonomy":"category","embeddable":true,"href":"https:\/\/www.salvatorianas.org.br\/blog\/wp-json\/wp\/v2\/categories?post=22043"},{"taxonomy":"post_tag","embeddable":true,"href":"https:\/\/www.salvatorianas.org.br\/blog\/wp-json\/wp\/v2\/tags?post=22043"}],"curies":[{"name":"wp","href":"https:\/\/api.w.org\/{rel}","templated":true}]}}