{"id":22031,"date":"2024-07-30T14:20:56","date_gmt":"2024-07-30T14:20:56","guid":{"rendered":"https:\/\/www.salvatorianas.org.br\/blog\/?p=22031"},"modified":"2024-07-05T14:23:34","modified_gmt":"2024-07-05T14:23:34","slug":"vamos-pensar-sobre-vocacao","status":"publish","type":"post","link":"https:\/\/www.salvatorianas.org.br\/blog\/vamos-pensar-sobre-vocacao\/","title":{"rendered":"Vamos pensar sobre voca\u00e7\u00e3o?"},"content":{"rendered":"\n<p>Agosto \u00e9 o m\u00eas vocacional.<\/p>\n\n\n\n<p>Vamos pensar sobre a voca\u00e7\u00e3o que cada um\/a de n\u00f3s \u00e9 chamado\/a a responder?<\/p>\n\n\n\n<p>\u201cPor tudo isso digo mais uma vez, como durante a Jornada Mundial da Juventude em Lisboa: &#8221; levantai-vos!&#8221; Despertemos do sono, saiamos da indiferen\u00e7a, abramos as grades da pris\u00e3o em que por vezes nos encerramos, para que possa cada um de n\u00f3s descobrir a pr\u00f3pria voca\u00e7\u00e3o na Igreja e no mundo e tornar-se peregrino de esperan\u00e7a e art\u00edfice de paz! Apaixonemo-nos pela vida e <a><\/a>comprometamo-nos no cuidado amoroso daqueles que vivem ao nosso lado e do ambiente que habitamos. Repito-vos: tende a coragem de vos envolver!\u201d (mensagem do Papa Francisco para o Dia mundial de Ora\u00e7\u00e3o pelas Voca\u00e7\u00f5es)<\/p>\n","protected":false},"excerpt":{"rendered":"<p>Agosto \u00e9 o m\u00eas vocacional. Vamos pensar sobre a voca\u00e7\u00e3o que cada um\/a de n\u00f3s \u00e9 chamado\/a a responder? \u201cPor tudo isso digo mais uma vez, como durante a Jornada Mundial da Juventude&#8230;<\/p>\n","protected":false},"author":2,"featured_media":22032,"comment_status":"open","ping_status":"open","sticky":false,"template":"","format":"standard","meta":[],"categories":[1],"tags":[],"_links":{"self":[{"href":"https:\/\/www.salvatorianas.org.br\/blog\/wp-json\/wp\/v2\/posts\/22031"}],"collection":[{"href":"https:\/\/www.salvatorianas.org.br\/blog\/wp-json\/wp\/v2\/posts"}],"about":[{"href":"https:\/\/www.salvatorianas.org.br\/blog\/wp-json\/wp\/v2\/types\/post"}],"author":[{"embeddable":true,"href":"https:\/\/www.salvatorianas.org.br\/blog\/wp-json\/wp\/v2\/users\/2"}],"replies":[{"embeddable":true,"href":"https:\/\/www.salvatorianas.org.br\/blog\/wp-json\/wp\/v2\/comments?post=22031"}],"version-history":[{"count":2,"href":"https:\/\/www.salvatorianas.org.br\/blog\/wp-json\/wp\/v2\/posts\/22031\/revisions"}],"predecessor-version":[{"id":22034,"href":"https:\/\/www.salvatorianas.org.br\/blog\/wp-json\/wp\/v2\/posts\/22031\/revisions\/22034"}],"wp:featuredmedia":[{"embeddable":true,"href":"https:\/\/www.salvatorianas.org.br\/blog\/wp-json\/wp\/v2\/media\/22032"}],"wp:attachment":[{"href":"https:\/\/www.salvatorianas.org.br\/blog\/wp-json\/wp\/v2\/media?parent=22031"}],"wp:term":[{"taxonomy":"category","embeddable":true,"href":"https:\/\/www.salvatorianas.org.br\/blog\/wp-json\/wp\/v2\/categories?post=22031"},{"taxonomy":"post_tag","embeddable":true,"href":"https:\/\/www.salvatorianas.org.br\/blog\/wp-json\/wp\/v2\/tags?post=22031"}],"curies":[{"name":"wp","href":"https:\/\/api.w.org\/{rel}","templated":true}]}}