{"id":22026,"date":"2024-07-21T19:42:31","date_gmt":"2024-07-21T19:42:31","guid":{"rendered":"https:\/\/www.salvatorianas.org.br\/blog\/?p=22026"},"modified":"2024-07-04T19:46:57","modified_gmt":"2024-07-04T19:46:57","slug":"1a-profissao-religiosa","status":"publish","type":"post","link":"https:\/\/www.salvatorianas.org.br\/blog\/1a-profissao-religiosa\/","title":{"rendered":"1\u00aa Profiss\u00e3o Religiosa"},"content":{"rendered":"\n<p>Aconteceu \u00e0s 10h do dia 21 de julho, dia da Festa lit\u00fargica do Bem-aventurado Francisco Jordan, na Par\u00f3quia S\u00e3o Mateus em Chimoio, Mo\u00e7ambique, a Primeira Profiss\u00e3o Religiosa, da Novi\u00e7as Salma Ricardo Albino, C\u00e1tia Antonio de Luiz e Belarmina Ra\u00fal Nhantsave \u00a0como Irm\u00e3s do Divino Salvador, Salvatorianas. Com muita f\u00e9 e alegria as novi\u00e7as confirmaram o seu SIM no Seguimento de Jesus Salvador, na entrega livre e alegre a Deus para servir ao povo, colaborando no an\u00fancio da Boa Nova, para que Jesus Cristo seja conhecido e amado por todos. Como lema deste momento especial da caminhada, a Irm\u00e3s escolheram a frase:\u00a0\u201cEu venho Senhor para fazer a tua vontade\u201d, (Heb 10,9)<\/p>\n\n\n\n<p>&nbsp; Queridas Irm\u00e3s, que Deus conceda a voc\u00eas a gra\u00e7a de responder todos os dias ao seu chamado com generosidade, fidelidade e amor.<\/p>\n","protected":false},"excerpt":{"rendered":"<p>Aconteceu \u00e0s 10h do dia 21 de julho, dia da Festa lit\u00fargica do Bem-aventurado Francisco Jordan, na Par\u00f3quia S\u00e3o Mateus em Chimoio, Mo\u00e7ambique, a Primeira Profiss\u00e3o Religiosa, da Novi\u00e7as Salma Ricardo Albino, C\u00e1tia&#8230;<\/p>\n","protected":false},"author":2,"featured_media":22027,"comment_status":"open","ping_status":"open","sticky":false,"template":"","format":"standard","meta":[],"categories":[1],"tags":[],"_links":{"self":[{"href":"https:\/\/www.salvatorianas.org.br\/blog\/wp-json\/wp\/v2\/posts\/22026"}],"collection":[{"href":"https:\/\/www.salvatorianas.org.br\/blog\/wp-json\/wp\/v2\/posts"}],"about":[{"href":"https:\/\/www.salvatorianas.org.br\/blog\/wp-json\/wp\/v2\/types\/post"}],"author":[{"embeddable":true,"href":"https:\/\/www.salvatorianas.org.br\/blog\/wp-json\/wp\/v2\/users\/2"}],"replies":[{"embeddable":true,"href":"https:\/\/www.salvatorianas.org.br\/blog\/wp-json\/wp\/v2\/comments?post=22026"}],"version-history":[{"count":1,"href":"https:\/\/www.salvatorianas.org.br\/blog\/wp-json\/wp\/v2\/posts\/22026\/revisions"}],"predecessor-version":[{"id":22028,"href":"https:\/\/www.salvatorianas.org.br\/blog\/wp-json\/wp\/v2\/posts\/22026\/revisions\/22028"}],"wp:featuredmedia":[{"embeddable":true,"href":"https:\/\/www.salvatorianas.org.br\/blog\/wp-json\/wp\/v2\/media\/22027"}],"wp:attachment":[{"href":"https:\/\/www.salvatorianas.org.br\/blog\/wp-json\/wp\/v2\/media?parent=22026"}],"wp:term":[{"taxonomy":"category","embeddable":true,"href":"https:\/\/www.salvatorianas.org.br\/blog\/wp-json\/wp\/v2\/categories?post=22026"},{"taxonomy":"post_tag","embeddable":true,"href":"https:\/\/www.salvatorianas.org.br\/blog\/wp-json\/wp\/v2\/tags?post=22026"}],"curies":[{"name":"wp","href":"https:\/\/api.w.org\/{rel}","templated":true}]}}