{"id":22021,"date":"2024-07-15T17:38:09","date_gmt":"2024-07-15T17:38:09","guid":{"rendered":"https:\/\/www.salvatorianas.org.br\/blog\/?p=22021"},"modified":"2024-07-04T17:47:02","modified_gmt":"2024-07-04T17:47:02","slug":"22021-2","status":"publish","type":"post","link":"https:\/\/www.salvatorianas.org.br\/blog\/22021-2\/","title":{"rendered":"Cap\u00edtulo Geral dos Padres Salvatorianos"},"content":{"rendered":"\n<p><\/p>\n\n\n\n<p>\u201cO XX Cap\u00edtulo Geral da Sociedade do Divino Salvador ser\u00e1 realizado entre os dias 21 de julho a 20 de agosto de 2024, na cidade de Crac\u00f3via, Pol\u00f4nia. O logo deste evento, inspirado no tema &#8220;<em>Enraizados no Divino Salvador, ap\u00f3stolos para os tempos atuais<\/em>&#8220;, tem como seu componente central a MISS\u00c3O. N\u00f3s, Salvatorianos, seguindo os passos do Bem-aventurado Francisco Maria da Cruz Jordan, queremos reafirmar o nosso compromisso de viver o mandato de Jesus de ir e fazer disc\u00edpulos entre todas as na\u00e7\u00f5es. Em distintos contextos e culturas, estamos reunidos em nome de Cristo, o Divino Salvador, para levar a todos povos e por todos os meios sua mensagem de salva\u00e7\u00e3o, que \u00e9 o dom de Deus para todos\u201d. Rezemos em comunh\u00e3o com a Sociedade do Divino Salvador!<\/p>\n","protected":false},"excerpt":{"rendered":"<p>\u201cO XX Cap\u00edtulo Geral da Sociedade do Divino Salvador ser\u00e1 realizado entre os dias 21 de julho a 20 de agosto de 2024, na cidade de Crac\u00f3via, Pol\u00f4nia. O logo deste evento, inspirado&#8230;<\/p>\n","protected":false},"author":2,"featured_media":22022,"comment_status":"open","ping_status":"open","sticky":false,"template":"","format":"standard","meta":[],"categories":[1],"tags":[],"_links":{"self":[{"href":"https:\/\/www.salvatorianas.org.br\/blog\/wp-json\/wp\/v2\/posts\/22021"}],"collection":[{"href":"https:\/\/www.salvatorianas.org.br\/blog\/wp-json\/wp\/v2\/posts"}],"about":[{"href":"https:\/\/www.salvatorianas.org.br\/blog\/wp-json\/wp\/v2\/types\/post"}],"author":[{"embeddable":true,"href":"https:\/\/www.salvatorianas.org.br\/blog\/wp-json\/wp\/v2\/users\/2"}],"replies":[{"embeddable":true,"href":"https:\/\/www.salvatorianas.org.br\/blog\/wp-json\/wp\/v2\/comments?post=22021"}],"version-history":[{"count":2,"href":"https:\/\/www.salvatorianas.org.br\/blog\/wp-json\/wp\/v2\/posts\/22021\/revisions"}],"predecessor-version":[{"id":22025,"href":"https:\/\/www.salvatorianas.org.br\/blog\/wp-json\/wp\/v2\/posts\/22021\/revisions\/22025"}],"wp:featuredmedia":[{"embeddable":true,"href":"https:\/\/www.salvatorianas.org.br\/blog\/wp-json\/wp\/v2\/media\/22022"}],"wp:attachment":[{"href":"https:\/\/www.salvatorianas.org.br\/blog\/wp-json\/wp\/v2\/media?parent=22021"}],"wp:term":[{"taxonomy":"category","embeddable":true,"href":"https:\/\/www.salvatorianas.org.br\/blog\/wp-json\/wp\/v2\/categories?post=22021"},{"taxonomy":"post_tag","embeddable":true,"href":"https:\/\/www.salvatorianas.org.br\/blog\/wp-json\/wp\/v2\/tags?post=22021"}],"curies":[{"name":"wp","href":"https:\/\/api.w.org\/{rel}","templated":true}]}}