{"id":2202,"date":"2015-05-16T00:00:00","date_gmt":"2015-05-16T00:00:00","guid":{"rendered":"https:\/\/www.salvatorianas.org.br\/blog\/colegio-salvatoriano-imaculada-conceicao-promove-semana-de-enfermagem\/"},"modified":"2015-05-16T00:00:00","modified_gmt":"2015-05-16T00:00:00","slug":"colegio-salvatoriano-imaculada-conceicao-promove-semana-de-enfermagem","status":"publish","type":"post","link":"https:\/\/www.salvatorianas.org.br\/blog\/colegio-salvatoriano-imaculada-conceicao-promove-semana-de-enfermagem\/","title":{"rendered":"Col\u00e9gio Salvatoriano Imaculada Concei\u00e7\u00e3o promove Semana de Enfermagem"},"content":{"rendered":"<p style=\"text-align: justify;\">[imagem1]<\/p>\n<p style=\"text-align: justify;\">&nbsp;<\/p>\n<p style=\"text-align: justify;\">O<strong> cuidar<\/strong> em enfermagem &eacute; uma a&ccedil;&atilde;o solid&aacute;ria, valiosa, de promo&ccedil;&atilde;o da vida e da sa&uacute;de, potencializando o bem-estar f&iacute;sico, ps&iacute;quico e social, contribuindo para uma vida mais saud&aacute;vel. O<strong> Col&eacute;gio Salvatoriano Imaculada Concei&ccedil;&atilde;o<\/strong>, juntamente com outras Institui&ccedil;&otilde;es promoveram a semana da enfermagem, nos dias 12 a 14 de maio, com palestras ao Curso T&eacute;cnico em Enfermagem e aberta a comunidade de Videira.<\/p>\n<p style=\"text-align: justify;\">O curso teve palestras com conte&uacute;dos de grande import&acirc;ncia para a sa&uacute;de e necess&aacute;rios para&nbsp; nosso conhecimento, foram proferidas pelos profissionais, Augusto Fischer, com o tema: &ldquo;<em>An&aacute;lise Demogr&aacute;fica e os impactos na sa&uacute;de&rdquo;,<\/em> Mirian R&eacute;chia, com o tema <em>&ldquo;Humaniza&ccedil;&atilde;o na Sa&uacute;de&rdquo;<\/em> e Ana Silvia Dal Pizzol Skalle sobre a <em>&ldquo;Incid&ecirc;ncia e preven&ccedil;&atilde;o do C&acirc;ncer de pele&rdquo;.<\/em> Durante as palestras os participantes puderam receber informa&ccedil;&otilde;es relevantes, bem como apreciar mensagens fant&aacute;sticas para o cuidado com a vida.<\/p>\n<p style=\"text-align: justify;\">Em todas as noites houve relatos de experi&ecirc;ncias de institui&ccedil;&otilde;es beneficentes e apresenta&ccedil;&otilde;es culturais como: bal&eacute;, dan&ccedil;as, m&uacute;sicas e cantos, que encantaram o p&uacute;blico. Parab&eacute;ns a todas as pessoas que se dedicam a amenizar a dor de quem sofre, trazendo esperan&ccedil;a atrav&eacute;s de seus gestos, olhar fraterno, &nbsp;apoio&nbsp; e &nbsp;o cuidado.<\/p>\n","protected":false},"excerpt":{"rendered":"<p>[imagem1] &nbsp; O cuidar em enfermagem &eacute; uma a&ccedil;&atilde;o solid&aacute;ria, valiosa, de promo&ccedil;&atilde;o da vida e da sa&uacute;de, potencializando o bem-estar f&iacute;sico, ps&iacute;quico e social, contribuindo para uma vida mais saud&aacute;vel. O Col&eacute;gio&#8230;<\/p>\n","protected":false},"author":1,"featured_media":2439,"comment_status":"open","ping_status":"open","sticky":false,"template":"","format":"standard","meta":[],"categories":[1],"tags":[],"_links":{"self":[{"href":"https:\/\/www.salvatorianas.org.br\/blog\/wp-json\/wp\/v2\/posts\/2202"}],"collection":[{"href":"https:\/\/www.salvatorianas.org.br\/blog\/wp-json\/wp\/v2\/posts"}],"about":[{"href":"https:\/\/www.salvatorianas.org.br\/blog\/wp-json\/wp\/v2\/types\/post"}],"author":[{"embeddable":true,"href":"https:\/\/www.salvatorianas.org.br\/blog\/wp-json\/wp\/v2\/users\/1"}],"replies":[{"embeddable":true,"href":"https:\/\/www.salvatorianas.org.br\/blog\/wp-json\/wp\/v2\/comments?post=2202"}],"version-history":[{"count":0,"href":"https:\/\/www.salvatorianas.org.br\/blog\/wp-json\/wp\/v2\/posts\/2202\/revisions"}],"wp:featuredmedia":[{"embeddable":true,"href":"https:\/\/www.salvatorianas.org.br\/blog\/wp-json\/wp\/v2\/media\/2439"}],"wp:attachment":[{"href":"https:\/\/www.salvatorianas.org.br\/blog\/wp-json\/wp\/v2\/media?parent=2202"}],"wp:term":[{"taxonomy":"category","embeddable":true,"href":"https:\/\/www.salvatorianas.org.br\/blog\/wp-json\/wp\/v2\/categories?post=2202"},{"taxonomy":"post_tag","embeddable":true,"href":"https:\/\/www.salvatorianas.org.br\/blog\/wp-json\/wp\/v2\/tags?post=2202"}],"curies":[{"name":"wp","href":"https:\/\/api.w.org\/{rel}","templated":true}]}}