{"id":22015,"date":"2024-07-01T13:51:57","date_gmt":"2024-07-01T13:51:57","guid":{"rendered":"https:\/\/www.salvatorianas.org.br\/blog\/?p=22015"},"modified":"2024-07-01T13:51:58","modified_gmt":"2024-07-01T13:51:58","slug":"intencoes-de-oracao-do-papa-francisco","status":"publish","type":"post","link":"https:\/\/www.salvatorianas.org.br\/blog\/intencoes-de-oracao-do-papa-francisco\/","title":{"rendered":"Inten\u00e7\u00f5es de Ora\u00e7\u00e3o do Papa Francisco"},"content":{"rendered":"\n<p>julho &#8211; Rezemos pela pastoral dos enfermos<\/p>\n","protected":false},"excerpt":{"rendered":"<p>julho &#8211; Rezemos pela pastoral dos enfermos<\/p>\n","protected":false},"author":2,"featured_media":22016,"comment_status":"open","ping_status":"open","sticky":false,"template":"","format":"standard","meta":[],"categories":[1],"tags":[],"_links":{"self":[{"href":"https:\/\/www.salvatorianas.org.br\/blog\/wp-json\/wp\/v2\/posts\/22015"}],"collection":[{"href":"https:\/\/www.salvatorianas.org.br\/blog\/wp-json\/wp\/v2\/posts"}],"about":[{"href":"https:\/\/www.salvatorianas.org.br\/blog\/wp-json\/wp\/v2\/types\/post"}],"author":[{"embeddable":true,"href":"https:\/\/www.salvatorianas.org.br\/blog\/wp-json\/wp\/v2\/users\/2"}],"replies":[{"embeddable":true,"href":"https:\/\/www.salvatorianas.org.br\/blog\/wp-json\/wp\/v2\/comments?post=22015"}],"version-history":[{"count":1,"href":"https:\/\/www.salvatorianas.org.br\/blog\/wp-json\/wp\/v2\/posts\/22015\/revisions"}],"predecessor-version":[{"id":22017,"href":"https:\/\/www.salvatorianas.org.br\/blog\/wp-json\/wp\/v2\/posts\/22015\/revisions\/22017"}],"wp:featuredmedia":[{"embeddable":true,"href":"https:\/\/www.salvatorianas.org.br\/blog\/wp-json\/wp\/v2\/media\/22016"}],"wp:attachment":[{"href":"https:\/\/www.salvatorianas.org.br\/blog\/wp-json\/wp\/v2\/media?parent=22015"}],"wp:term":[{"taxonomy":"category","embeddable":true,"href":"https:\/\/www.salvatorianas.org.br\/blog\/wp-json\/wp\/v2\/categories?post=22015"},{"taxonomy":"post_tag","embeddable":true,"href":"https:\/\/www.salvatorianas.org.br\/blog\/wp-json\/wp\/v2\/tags?post=22015"}],"curies":[{"name":"wp","href":"https:\/\/api.w.org\/{rel}","templated":true}]}}