{"id":22010,"date":"2024-06-16T20:44:14","date_gmt":"2024-06-16T20:44:14","guid":{"rendered":"https:\/\/www.salvatorianas.org.br\/blog\/?p=22010"},"modified":"2024-06-16T20:44:15","modified_gmt":"2024-06-16T20:44:15","slug":"ingresso-ao-postulantado-4","status":"publish","type":"post","link":"https:\/\/www.salvatorianas.org.br\/blog\/ingresso-ao-postulantado-4\/","title":{"rendered":"INGRESSO AO POSTULANTADO"},"content":{"rendered":"\n<p><\/p>\n\n\n\n<p>No dia 16 junho de 2024, aconteceu na cidade de Feira de Santana-BA, a celebra\u00e7\u00e3o de ingresso ao postulantado da jovem Andreza Ribeiro Silva, cujo tema escolhido foi \u201cEu coloquei voc\u00ea como luz para as na\u00e7\u00f5es, para que leve a salva\u00e7\u00e3o at\u00e9 os extremos da terra\u201d(Atos 13, 47), na ocasi\u00e3o tamb\u00e9m ocorreu a renova\u00e7\u00e3o dos compromissos do Leigos Salvatorianos e os primeiros compromissos da jovem Laura Ribeiro Pereyra. Estavam presentes o celebrante di\u00e1cono Fernando Carneiro, como tamb\u00e9m a fam\u00edlia da nova postulante, a Irm\u00e3s Salvatorianas entres elas a Irm\u00e3 Wanderleia Dala Costa Vice provincial e os leigos Salvatorianos.<\/p>\n\n\n\n<p>&nbsp;Neste mesmo dia festejamos 176 anos do nascimento do nosso fundador Bem-aventurado Francisco Jordan, em homenagem ao mesmo, a fam\u00edlia Salvatoriana dedica o m\u00eas de junho como m\u00eas Salvatoriano, tendo como tema \u201cVida Salvatoriana: Semeando sonhos cultivando o amor, construindo a esperan\u00e7a\u201d.<\/p>\n\n\n\n<p>Que os Bem-aventurados Francisco Jordan e Maria dos Ap\u00f3stolos intercedam pela vida e miss\u00e3o salvatoriana.<\/p>\n\n\n\n<p><\/p>\n\n\n\n<figure class=\"wp-block-image size-large\"><img decoding=\"async\" loading=\"lazy\" width=\"1024\" height=\"1024\" src=\"https:\/\/www.salvatorianas.org.br\/blog\/wp-content\/uploads\/2024\/06\/2-1-1024x1024.png\" alt=\"\" class=\"wp-image-22012\" srcset=\"https:\/\/www.salvatorianas.org.br\/blog\/wp-content\/uploads\/2024\/06\/2-1-1024x1024.png 1024w, https:\/\/www.salvatorianas.org.br\/blog\/wp-content\/uploads\/2024\/06\/2-1-300x300.png 300w, https:\/\/www.salvatorianas.org.br\/blog\/wp-content\/uploads\/2024\/06\/2-1-150x150.png 150w, https:\/\/www.salvatorianas.org.br\/blog\/wp-content\/uploads\/2024\/06\/2-1-768x768.png 768w, https:\/\/www.salvatorianas.org.br\/blog\/wp-content\/uploads\/2024\/06\/2-1.png 1080w\" sizes=\"(max-width: 1024px) 100vw, 1024px\" \/><\/figure>\n","protected":false},"excerpt":{"rendered":"<p>No dia 16 junho de 2024, aconteceu na cidade de Feira de Santana-BA, a celebra\u00e7\u00e3o de ingresso ao postulantado da jovem Andreza Ribeiro Silva, cujo tema escolhido foi \u201cEu coloquei voc\u00ea como luz&#8230;<\/p>\n","protected":false},"author":2,"featured_media":22011,"comment_status":"open","ping_status":"open","sticky":false,"template":"","format":"standard","meta":[],"categories":[1],"tags":[],"_links":{"self":[{"href":"https:\/\/www.salvatorianas.org.br\/blog\/wp-json\/wp\/v2\/posts\/22010"}],"collection":[{"href":"https:\/\/www.salvatorianas.org.br\/blog\/wp-json\/wp\/v2\/posts"}],"about":[{"href":"https:\/\/www.salvatorianas.org.br\/blog\/wp-json\/wp\/v2\/types\/post"}],"author":[{"embeddable":true,"href":"https:\/\/www.salvatorianas.org.br\/blog\/wp-json\/wp\/v2\/users\/2"}],"replies":[{"embeddable":true,"href":"https:\/\/www.salvatorianas.org.br\/blog\/wp-json\/wp\/v2\/comments?post=22010"}],"version-history":[{"count":1,"href":"https:\/\/www.salvatorianas.org.br\/blog\/wp-json\/wp\/v2\/posts\/22010\/revisions"}],"predecessor-version":[{"id":22013,"href":"https:\/\/www.salvatorianas.org.br\/blog\/wp-json\/wp\/v2\/posts\/22010\/revisions\/22013"}],"wp:featuredmedia":[{"embeddable":true,"href":"https:\/\/www.salvatorianas.org.br\/blog\/wp-json\/wp\/v2\/media\/22011"}],"wp:attachment":[{"href":"https:\/\/www.salvatorianas.org.br\/blog\/wp-json\/wp\/v2\/media?parent=22010"}],"wp:term":[{"taxonomy":"category","embeddable":true,"href":"https:\/\/www.salvatorianas.org.br\/blog\/wp-json\/wp\/v2\/categories?post=22010"},{"taxonomy":"post_tag","embeddable":true,"href":"https:\/\/www.salvatorianas.org.br\/blog\/wp-json\/wp\/v2\/tags?post=22010"}],"curies":[{"name":"wp","href":"https:\/\/api.w.org\/{rel}","templated":true}]}}