{"id":22002,"date":"2024-06-14T20:49:01","date_gmt":"2024-06-14T20:49:01","guid":{"rendered":"https:\/\/www.salvatorianas.org.br\/blog\/?p=22002"},"modified":"2024-06-14T20:49:02","modified_gmt":"2024-06-14T20:49:02","slug":"patronato-santo-antonio-75-anos-mais-que-uma-obra-social-uma-historia-de-amor","status":"publish","type":"post","link":"https:\/\/www.salvatorianas.org.br\/blog\/patronato-santo-antonio-75-anos-mais-que-uma-obra-social-uma-historia-de-amor\/","title":{"rendered":"Patronato Santo Ant\u00f4nio: 75 anos \u2013 Mais que uma obra social, uma hist\u00f3ria de amor"},"content":{"rendered":"\n<p>\u201cCelebramos com muita alegria e gratid\u00e3o os 75 anos desta Institui\u00e7\u00e3o que mudou a trajet\u00f3ria de vida de milhares de meninas e meninos ao longo da sua exist\u00eancia. Esta celebra\u00e7\u00e3o jubilar nos convoca a reavivar a heran\u00e7a espiritual e carism\u00e1tica que o Bem-aventurado Francisco Jordan nos confiou. \u00c9 uma Kair\u00f3s. N\u00e3o estamos celebrando somente uma data cronol\u00f3gica, mas uma obra de Salva\u00e7\u00e3o, enfatizou a Ir. Lisete Buganti, Coordenadora Provincial, durante a celebra\u00e7\u00e3o de a\u00e7\u00e3o de gra\u00e7as. E ainda, Vamos dar gra\u00e7as pela f\u00e9 e coragem de tantas irm\u00e3s, educadores, benfeitores, volunt\u00e1rios, sacerdotes&#8230; que assumiram com garra e dinamismo esta miss\u00e3o para que o Evangelho de Jesus fosse anunciado e vivido aqui nesta institui\u00e7\u00e3o\u201d. Por TUDO, damos gra\u00e7as!<\/p>\n\n\n\n<p><\/p>\n\n\n\n<p><\/p>\n\n\n\n<figure class=\"wp-block-image size-large\"><img decoding=\"async\" loading=\"lazy\" width=\"1024\" height=\"1024\" src=\"https:\/\/www.salvatorianas.org.br\/blog\/wp-content\/uploads\/2024\/06\/2-1024x1024.png\" alt=\"\" class=\"wp-image-22004\" srcset=\"https:\/\/www.salvatorianas.org.br\/blog\/wp-content\/uploads\/2024\/06\/2-1024x1024.png 1024w, https:\/\/www.salvatorianas.org.br\/blog\/wp-content\/uploads\/2024\/06\/2-300x300.png 300w, https:\/\/www.salvatorianas.org.br\/blog\/wp-content\/uploads\/2024\/06\/2-150x150.png 150w, https:\/\/www.salvatorianas.org.br\/blog\/wp-content\/uploads\/2024\/06\/2-768x768.png 768w, https:\/\/www.salvatorianas.org.br\/blog\/wp-content\/uploads\/2024\/06\/2.png 1080w\" sizes=\"(max-width: 1024px) 100vw, 1024px\" \/><\/figure>\n\n\n\n<p><\/p>\n\n\n\n<figure class=\"wp-block-image size-large\"><img decoding=\"async\" loading=\"lazy\" width=\"1024\" height=\"1024\" src=\"https:\/\/www.salvatorianas.org.br\/blog\/wp-content\/uploads\/2024\/06\/3-1024x1024.png\" alt=\"\" class=\"wp-image-22005\" srcset=\"https:\/\/www.salvatorianas.org.br\/blog\/wp-content\/uploads\/2024\/06\/3-1024x1024.png 1024w, https:\/\/www.salvatorianas.org.br\/blog\/wp-content\/uploads\/2024\/06\/3-300x300.png 300w, https:\/\/www.salvatorianas.org.br\/blog\/wp-content\/uploads\/2024\/06\/3-150x150.png 150w, https:\/\/www.salvatorianas.org.br\/blog\/wp-content\/uploads\/2024\/06\/3-768x768.png 768w, https:\/\/www.salvatorianas.org.br\/blog\/wp-content\/uploads\/2024\/06\/3.png 1080w\" sizes=\"(max-width: 1024px) 100vw, 1024px\" \/><\/figure>\n\n\n\n<p><\/p>\n\n\n\n<figure class=\"wp-block-image size-large\"><img decoding=\"async\" loading=\"lazy\" width=\"1080\" height=\"1080\" src=\"https:\/\/www.salvatorianas.org.br\/blog\/wp-content\/uploads\/2024\/06\/4-1024x1024.png\" alt=\"\" class=\"wp-image-22006\" srcset=\"https:\/\/www.salvatorianas.org.br\/blog\/wp-content\/uploads\/2024\/06\/4-1024x1024.png 1024w, https:\/\/www.salvatorianas.org.br\/blog\/wp-content\/uploads\/2024\/06\/4-300x300.png 300w, https:\/\/www.salvatorianas.org.br\/blog\/wp-content\/uploads\/2024\/06\/4-150x150.png 150w, https:\/\/www.salvatorianas.org.br\/blog\/wp-content\/uploads\/2024\/06\/4-768x768.png 768w, https:\/\/www.salvatorianas.org.br\/blog\/wp-content\/uploads\/2024\/06\/4.png 1080w\" sizes=\"(max-width: 1080px) 100vw, 1080px\" \/><\/figure>\n\n\n\n<p><\/p>\n\n\n\n<figure class=\"wp-block-image size-large\"><img decoding=\"async\" loading=\"lazy\" width=\"1024\" height=\"1024\" src=\"https:\/\/www.salvatorianas.org.br\/blog\/wp-content\/uploads\/2024\/06\/5-1024x1024.png\" alt=\"\" class=\"wp-image-22007\" srcset=\"https:\/\/www.salvatorianas.org.br\/blog\/wp-content\/uploads\/2024\/06\/5-1024x1024.png 1024w, https:\/\/www.salvatorianas.org.br\/blog\/wp-content\/uploads\/2024\/06\/5-300x300.png 300w, https:\/\/www.salvatorianas.org.br\/blog\/wp-content\/uploads\/2024\/06\/5-150x150.png 150w, https:\/\/www.salvatorianas.org.br\/blog\/wp-content\/uploads\/2024\/06\/5-768x768.png 768w, https:\/\/www.salvatorianas.org.br\/blog\/wp-content\/uploads\/2024\/06\/5.png 1080w\" sizes=\"(max-width: 1024px) 100vw, 1024px\" \/><\/figure>\n","protected":false},"excerpt":{"rendered":"<p>\u201cCelebramos com muita alegria e gratid\u00e3o os 75 anos desta Institui\u00e7\u00e3o que mudou a trajet\u00f3ria de vida de milhares de meninas e meninos ao longo da sua exist\u00eancia. Esta celebra\u00e7\u00e3o jubilar nos convoca&#8230;<\/p>\n","protected":false},"author":2,"featured_media":22003,"comment_status":"open","ping_status":"open","sticky":false,"template":"","format":"standard","meta":[],"categories":[1],"tags":[],"_links":{"self":[{"href":"https:\/\/www.salvatorianas.org.br\/blog\/wp-json\/wp\/v2\/posts\/22002"}],"collection":[{"href":"https:\/\/www.salvatorianas.org.br\/blog\/wp-json\/wp\/v2\/posts"}],"about":[{"href":"https:\/\/www.salvatorianas.org.br\/blog\/wp-json\/wp\/v2\/types\/post"}],"author":[{"embeddable":true,"href":"https:\/\/www.salvatorianas.org.br\/blog\/wp-json\/wp\/v2\/users\/2"}],"replies":[{"embeddable":true,"href":"https:\/\/www.salvatorianas.org.br\/blog\/wp-json\/wp\/v2\/comments?post=22002"}],"version-history":[{"count":1,"href":"https:\/\/www.salvatorianas.org.br\/blog\/wp-json\/wp\/v2\/posts\/22002\/revisions"}],"predecessor-version":[{"id":22008,"href":"https:\/\/www.salvatorianas.org.br\/blog\/wp-json\/wp\/v2\/posts\/22002\/revisions\/22008"}],"wp:featuredmedia":[{"embeddable":true,"href":"https:\/\/www.salvatorianas.org.br\/blog\/wp-json\/wp\/v2\/media\/22003"}],"wp:attachment":[{"href":"https:\/\/www.salvatorianas.org.br\/blog\/wp-json\/wp\/v2\/media?parent=22002"}],"wp:term":[{"taxonomy":"category","embeddable":true,"href":"https:\/\/www.salvatorianas.org.br\/blog\/wp-json\/wp\/v2\/categories?post=22002"},{"taxonomy":"post_tag","embeddable":true,"href":"https:\/\/www.salvatorianas.org.br\/blog\/wp-json\/wp\/v2\/tags?post=22002"}],"curies":[{"name":"wp","href":"https:\/\/api.w.org\/{rel}","templated":true}]}}