{"id":21992,"date":"2024-06-11T14:40:10","date_gmt":"2024-06-11T14:40:10","guid":{"rendered":"https:\/\/www.salvatorianas.org.br\/blog\/?p=21992"},"modified":"2024-06-11T14:40:10","modified_gmt":"2024-06-11T14:40:10","slug":"encontro-irmas-que-atuam-na-unidade-operativas-e-patronato-santo-antonio","status":"publish","type":"post","link":"https:\/\/www.salvatorianas.org.br\/blog\/encontro-irmas-que-atuam-na-unidade-operativas-e-patronato-santo-antonio\/","title":{"rendered":"Encontro Irm\u00e3s que atuam na Unidade Operativas e Patronato Santo Ant\u00f4nio"},"content":{"rendered":"\n<p>Irm\u00e3s que atuam nas Unidades Operativas e Patronato Santo Ant\u00f4nio da Rede Salvatoriana estiveram reunidas no dia 10 de junho de 2024, \u00e0 luz do tema: Miss\u00e3o como presen\u00e7a: mem\u00f3ria, sentido e promessa. Esse encontro foi assessorado pelo Senhor Ricardo Mariz, da Consultoria Esquina do Pensamento, juntamente com a Ir. Dulcelene F\u00e1tima Ceccato.<\/p>\n\n\n\n<figure class=\"wp-block-image size-full\"><img decoding=\"async\" loading=\"lazy\" width=\"957\" height=\"841\" src=\"https:\/\/www.salvatorianas.org.br\/blog\/wp-content\/uploads\/2024\/06\/4-1.jpeg\" alt=\"\" class=\"wp-image-21994\" srcset=\"https:\/\/www.salvatorianas.org.br\/blog\/wp-content\/uploads\/2024\/06\/4-1.jpeg 957w, https:\/\/www.salvatorianas.org.br\/blog\/wp-content\/uploads\/2024\/06\/4-1-300x264.jpeg 300w, https:\/\/www.salvatorianas.org.br\/blog\/wp-content\/uploads\/2024\/06\/4-1-768x675.jpeg 768w\" sizes=\"(max-width: 957px) 100vw, 957px\" \/><\/figure>\n\n\n\n<p><\/p>\n\n\n\n<figure class=\"wp-block-image size-large\"><img decoding=\"async\" loading=\"lazy\" width=\"1024\" height=\"478\" src=\"https:\/\/www.salvatorianas.org.br\/blog\/wp-content\/uploads\/2024\/06\/6-1-1024x478.jpeg\" alt=\"\" class=\"wp-image-21995\" srcset=\"https:\/\/www.salvatorianas.org.br\/blog\/wp-content\/uploads\/2024\/06\/6-1-1024x478.jpeg 1024w, https:\/\/www.salvatorianas.org.br\/blog\/wp-content\/uploads\/2024\/06\/6-1-300x140.jpeg 300w, https:\/\/www.salvatorianas.org.br\/blog\/wp-content\/uploads\/2024\/06\/6-1-768x359.jpeg 768w, https:\/\/www.salvatorianas.org.br\/blog\/wp-content\/uploads\/2024\/06\/6-1.jpeg 1428w\" sizes=\"(max-width: 1024px) 100vw, 1024px\" \/><\/figure>\n\n\n\n<p><\/p>\n\n\n\n<p><\/p>\n","protected":false},"excerpt":{"rendered":"<p>Irm\u00e3s que atuam nas Unidades Operativas e Patronato Santo Ant\u00f4nio da Rede Salvatoriana estiveram reunidas no dia 10 de junho de 2024, \u00e0 luz do tema: Miss\u00e3o como presen\u00e7a: mem\u00f3ria, sentido e promessa&#8230;.<\/p>\n","protected":false},"author":2,"featured_media":21993,"comment_status":"open","ping_status":"open","sticky":false,"template":"","format":"standard","meta":[],"categories":[1],"tags":[],"_links":{"self":[{"href":"https:\/\/www.salvatorianas.org.br\/blog\/wp-json\/wp\/v2\/posts\/21992"}],"collection":[{"href":"https:\/\/www.salvatorianas.org.br\/blog\/wp-json\/wp\/v2\/posts"}],"about":[{"href":"https:\/\/www.salvatorianas.org.br\/blog\/wp-json\/wp\/v2\/types\/post"}],"author":[{"embeddable":true,"href":"https:\/\/www.salvatorianas.org.br\/blog\/wp-json\/wp\/v2\/users\/2"}],"replies":[{"embeddable":true,"href":"https:\/\/www.salvatorianas.org.br\/blog\/wp-json\/wp\/v2\/comments?post=21992"}],"version-history":[{"count":1,"href":"https:\/\/www.salvatorianas.org.br\/blog\/wp-json\/wp\/v2\/posts\/21992\/revisions"}],"predecessor-version":[{"id":21996,"href":"https:\/\/www.salvatorianas.org.br\/blog\/wp-json\/wp\/v2\/posts\/21992\/revisions\/21996"}],"wp:featuredmedia":[{"embeddable":true,"href":"https:\/\/www.salvatorianas.org.br\/blog\/wp-json\/wp\/v2\/media\/21993"}],"wp:attachment":[{"href":"https:\/\/www.salvatorianas.org.br\/blog\/wp-json\/wp\/v2\/media?parent=21992"}],"wp:term":[{"taxonomy":"category","embeddable":true,"href":"https:\/\/www.salvatorianas.org.br\/blog\/wp-json\/wp\/v2\/categories?post=21992"},{"taxonomy":"post_tag","embeddable":true,"href":"https:\/\/www.salvatorianas.org.br\/blog\/wp-json\/wp\/v2\/tags?post=21992"}],"curies":[{"name":"wp","href":"https:\/\/api.w.org\/{rel}","templated":true}]}}