{"id":2199,"date":"2015-05-18T00:00:00","date_gmt":"2015-05-18T00:00:00","guid":{"rendered":"https:\/\/www.salvatorianas.org.br\/blog\/semana-de-oracao-pela-unidade-dos-cristaos\/"},"modified":"2015-05-18T00:00:00","modified_gmt":"2015-05-18T00:00:00","slug":"semana-de-oracao-pela-unidade-dos-cristaos","status":"publish","type":"post","link":"https:\/\/www.salvatorianas.org.br\/blog\/semana-de-oracao-pela-unidade-dos-cristaos\/","title":{"rendered":"Semana de Ora\u00e7\u00e3o pela Unidade dos  Crist\u00e3os"},"content":{"rendered":"<p style=\"text-align: justify;\"><strong>[imagem1]<\/strong><\/p>\n<p style=\"text-align: justify;\">&nbsp;<\/p>\n<p style=\"text-align: justify;\"><strong> &ldquo;D&aacute;-nos um pouco da tua &aacute;gua&rdquo;<\/strong> &eacute; o tema da Semana Nacional de Ora&ccedil;&atilde;o pela Unidade dos Crist&atilde;os e Crist&atilde;s (SOUC). O evento, que iniciou ontem (17) e acontece at&eacute; o dia 24 de maio, tem por objetivo refletir sobre a unidade crist&atilde; e o di&aacute;logo entre as religi&otilde;es. O material publicado &eacute; uma parceria entre Conselho Mundial de Igrejas (CMI) e Conselho Pontif&iacute;cio para a Unidade dos Crist&atilde;os.<\/p>\n<p style=\"text-align: justify;\">O tema da Semana de Ora&ccedil;&atilde;o foi inspirado no Evangelho segundo S&atilde;o Jo&atilde;o, que retrata o encontro de Jesus com a mulher samaritana. A cena prop&otilde;e reflex&atilde;o do amor e da acolhida &agrave;s diversidades de religi&atilde;o, etnia e cultura. O material foi elaborado pelo grupo de trabalho do Conselho Nacional de Igrejas Crist&atilde;s do Brasil (Conic).<\/p>\n<p style=\"text-align: justify;\">Ainda, dentro da perspectiva do tema deste ano, pretende-se debater os diferentes contextos religiosos do pa&iacute;s, abordando, principalmente, a intoler&acirc;ncia religiosa.<\/p>\n<p style=\"text-align: justify;\"><strong><a title=\"Texto\" href=\"http:\/\/www.vatican.va\/roman_curia\/pontifical_councils\/chrstuni\/weeks-prayer-doc\/rc_pc_chrstuni_doc_20140611_week-prayer-2015_po.html#INTRODU&Ccedil;&Atilde;O_AO_TEMA__PARA_O_ANO_DE_2015_\">Acesse aqui o texto de introdu&ccedil;&atilde;o ao tema da Semana de Ora&ccedil;&atilde;o<\/a> <\/strong>traduzido pela Comiss&atilde;o Episcopal Pastoral para o Ecumenismo e o Di&aacute;logo Inter-religioso da Confer&ecirc;ncia Nacional dos Bispos do Brasil (CNBB).<\/p>\n<p style=\"text-align: justify;\">O subs&iacute;dio foi preparado pelo Pontif&iacute;cio Conselho para a Promo&ccedil;&atilde;o da Unidade dos Crist&atilde;os e pela Comiss&atilde;o F&eacute; e Constitui&ccedil;&atilde;o do Conselho Mundial de Igrejas (CCMI).<\/p>\n<h2 style=\"text-align: justify;\"><strong>Carta do CONIC para a Semana de Ora&ccedil;&atilde;o<\/strong><\/h2>\n<p style=\"text-align: justify;\"><em>O amor de Deus, a paz de Jesus Cristo e a comunh&atilde;o do Esp&iacute;rito Santo estejam convosco!<\/em><\/p>\n<p style=\"text-align: justify;\">Queridos irm&atilde;os e irm&atilde;s das comunidades crist&atilde;s no Brasil,<\/p>\n<p style=\"text-align: justify;\">&ldquo;D&aacute;-me um pouco de tua &aacute;gua&rdquo; (Jo 4,7) &eacute; o lema b&iacute;blico que o movimento ecum&ecirc;nico brasileiro, atrav&eacute;s do CONIC, prop&ocirc;s ao Conselho Mundial de Igrejas e ao Pontif&iacute;cio Conselho para a Promo&ccedil;&atilde;o da Unidade dos Crist&atilde;os ao ser convidado a preparar o material da Semana de Ora&ccedil;&atilde;o pela Unidade dos Crist&atilde;os de 2015.<\/p>\n<p style=\"text-align: justify;\">O pedido por &aacute;gua, feito por Jesus &agrave; mulher samaritana, &eacute; tamb&eacute;m o testemunho ecum&ecirc;nico que oferecemos aos irm&atilde;os e irm&atilde;s das muitas Igrejas que anunciam a boa-nova de Jesus, nos mais diferentes contextos do mundo. A f&eacute; em Jesus Cristo precisa expressar-se nessa abertura para encontros e conversas. N&atilde;o devemos ver no outro um inimigo ou uma amea&ccedil;a, mas sim, reconhecer nele uma express&atilde;o do amor de Deus. Complementamo-nos e crescemos quando nos abrimos para estes encontros. Este &eacute; o nosso testemunho ecum&ecirc;nico.<\/p>\n<p style=\"text-align: justify;\">Em contextos de intoler&acirc;ncia e persegui&ccedil;&otilde;es religiosas, colocamos diante das nossas Igrejas o desafio de fazer a experi&ecirc;ncia do di&aacute;logo. Saiamos de nossas casas e at&eacute; dos nossos templos e vamos ao encontro de nossos irm&atilde;os, irm&atilde;s, vizinhos e vizinhas. Ou&ccedil;amos o que eles ou elas t&ecirc;m a contar sobre sua f&eacute;, sua vida, suas experi&ecirc;ncias e d&uacute;vidas. Celebremos juntos esta viv&ecirc;ncia plural do &uacute;nico amor de Deus!<\/p>\n<p style=\"text-align: justify;\">Nas bem-aventuran&ccedil;as deixadas a n&oacute;s por Jesus Cristo em Mt 5.1-9 encontramos o convite para que atuemos em favor da paz, pois assim seremos chamados e chamadas de filhos e filhas de Deus. A constru&ccedil;&atilde;o da paz passa, necessariamente, pelo di&aacute;logo. Peregrinemos nessa dire&ccedil;&atilde;o para que o nosso testemunho p&uacute;blico seja de unidade e de acolhida &agrave; diversidade.<\/p>\n<p style=\"text-align: justify;\">Animamos cada grupo e comunidade a celebrar a Semana de Ora&ccedil;&atilde;o pela Unidade dos Crist&atilde;os de 2015. Que esta Semana seja uma grande festa de Pentecostes!<\/p>\n<p style=\"text-align: justify;\">Oramos por cada irm&atilde;o e cada irm&atilde; das nossas comunidades e pedimos que as nossas Igrejas tamb&eacute;m orem por n&oacute;s para que possamos servir com coer&ecirc;ncia e dedica&ccedil;&atilde;o &aacute; causa da justi&ccedil;a e da paz, valores centrais do Evangelho.<\/p>\n<p style=\"text-align: justify;\">Na unidade de Cristo,<\/p>\n<p style=\"text-align: justify;\">Dom Leonardo Ulrich Steiner (Bispo Auxiliar de Bras&iacute;lia e Secret&aacute;rio Geral da CNBB)<\/p>\n<p style=\"text-align: justify;\">Pastor Dr. Nestor Paulo Friedrich (Pastor Presidente da IECLB)<\/p>\n<p style=\"text-align: justify;\">Dom Francisco de Assis da Silva (Bispo Primaz da IEAB)<\/p>\n<p style=\"text-align: justify;\">Presb&iacute;tero Wertson Brasil (Moderador da IPU)<\/p>\n<p style=\"text-align: justify;\">Dom Paulo Titus (Arcebispo da ISOA)<\/p>\n<p style=\"text-align: justify;\">[imagem2]<\/p>\n","protected":false},"excerpt":{"rendered":"<p>[imagem1] &nbsp; &ldquo;D&aacute;-nos um pouco da tua &aacute;gua&rdquo; &eacute; o tema da Semana Nacional de Ora&ccedil;&atilde;o pela Unidade dos Crist&atilde;os e Crist&atilde;s (SOUC). O evento, que iniciou ontem (17) e acontece at&eacute; o&#8230;<\/p>\n","protected":false},"author":1,"featured_media":2438,"comment_status":"open","ping_status":"open","sticky":false,"template":"","format":"standard","meta":[],"categories":[1],"tags":[],"_links":{"self":[{"href":"https:\/\/www.salvatorianas.org.br\/blog\/wp-json\/wp\/v2\/posts\/2199"}],"collection":[{"href":"https:\/\/www.salvatorianas.org.br\/blog\/wp-json\/wp\/v2\/posts"}],"about":[{"href":"https:\/\/www.salvatorianas.org.br\/blog\/wp-json\/wp\/v2\/types\/post"}],"author":[{"embeddable":true,"href":"https:\/\/www.salvatorianas.org.br\/blog\/wp-json\/wp\/v2\/users\/1"}],"replies":[{"embeddable":true,"href":"https:\/\/www.salvatorianas.org.br\/blog\/wp-json\/wp\/v2\/comments?post=2199"}],"version-history":[{"count":0,"href":"https:\/\/www.salvatorianas.org.br\/blog\/wp-json\/wp\/v2\/posts\/2199\/revisions"}],"wp:featuredmedia":[{"embeddable":true,"href":"https:\/\/www.salvatorianas.org.br\/blog\/wp-json\/wp\/v2\/media\/2438"}],"wp:attachment":[{"href":"https:\/\/www.salvatorianas.org.br\/blog\/wp-json\/wp\/v2\/media?parent=2199"}],"wp:term":[{"taxonomy":"category","embeddable":true,"href":"https:\/\/www.salvatorianas.org.br\/blog\/wp-json\/wp\/v2\/categories?post=2199"},{"taxonomy":"post_tag","embeddable":true,"href":"https:\/\/www.salvatorianas.org.br\/blog\/wp-json\/wp\/v2\/tags?post=2199"}],"curies":[{"name":"wp","href":"https:\/\/api.w.org\/{rel}","templated":true}]}}