{"id":21988,"date":"2024-06-06T20:49:13","date_gmt":"2024-06-06T20:49:13","guid":{"rendered":"https:\/\/www.salvatorianas.org.br\/blog\/?p=21988"},"modified":"2024-06-06T20:49:14","modified_gmt":"2024-06-06T20:49:14","slug":"comunicado-de-falecimento-47","status":"publish","type":"post","link":"https:\/\/www.salvatorianas.org.br\/blog\/comunicado-de-falecimento-47\/","title":{"rendered":"COMUNICADO DE FALECIMENTO"},"content":{"rendered":"\n<p><\/p>\n\n\n\n<p><strong>\u201c<em>Existem muitas moradas na casa de meu Pai. Se n\u00e3o fosse assim, eu lhes teria dito, porque vou preparar um lugar para voc\u00eas. E quando eu for e lhes tiver preparado um lugar, voltarei e levarei voc\u00eas comigo, para que onde eu estiver, estejam voc\u00eas tamb\u00e9m\u201d. (Jo\u00e3o 14, 2-3)<\/em><\/strong><\/p>\n\n\n\n<p><strong>Ir. Lurdes Maria Mantovani <\/strong>com 84 anos de idade e 65 anos como Irm\u00e3 Salvatoriana recebe o \u00faltimo chamado de Deus para o encontro definitivo com Ele<em>.<\/em><\/p>\n\n\n\n<p>Comunicamos o seu falecimento ocorrido hoje, 06 de junho de 2024, em Florian\u00f3polis\/SC. Seu vel\u00f3rio acontecer\u00e1 na Capela Mortu\u00e1ria do Cemit\u00e9rio Parque da Saudade em Lages\/SC, e seu sepultamento, no dia 07\/06\/2024 \u00e0s 14 horas, no mesmo cemit\u00e9rio.<\/p>\n\n\n\n<p>N\u00f3s, Irm\u00e3s Salvatorianas e familiares compartilhamos esse momento de f\u00e9, de entrega e louvor a Deus Salvador pela vida dessa nossa querida irm\u00e3.<\/p>\n\n\n\n<p>Nossa f\u00e9 est\u00e1 fundamentada, alicer\u00e7ada na ressurrei\u00e7\u00e3o porque Deus nos criou \u00e0 sua imagem para algo al\u00e9m do que n\u00f3s podemos experimentar aqui e agora. Descanse em paz, <strong>Ir. Lurdes Maria Mantovani<\/strong>. Damos gra\u00e7as a Deus Salvador pelo testemunho de vida doada que ela nos deixou.<\/p>\n","protected":false},"excerpt":{"rendered":"<p>\u201cExistem muitas moradas na casa de meu Pai. Se n\u00e3o fosse assim, eu lhes teria dito, porque vou preparar um lugar para voc\u00eas. E quando eu for e lhes tiver preparado um lugar,&#8230;<\/p>\n","protected":false},"author":2,"featured_media":21989,"comment_status":"open","ping_status":"open","sticky":false,"template":"","format":"standard","meta":[],"categories":[1],"tags":[],"_links":{"self":[{"href":"https:\/\/www.salvatorianas.org.br\/blog\/wp-json\/wp\/v2\/posts\/21988"}],"collection":[{"href":"https:\/\/www.salvatorianas.org.br\/blog\/wp-json\/wp\/v2\/posts"}],"about":[{"href":"https:\/\/www.salvatorianas.org.br\/blog\/wp-json\/wp\/v2\/types\/post"}],"author":[{"embeddable":true,"href":"https:\/\/www.salvatorianas.org.br\/blog\/wp-json\/wp\/v2\/users\/2"}],"replies":[{"embeddable":true,"href":"https:\/\/www.salvatorianas.org.br\/blog\/wp-json\/wp\/v2\/comments?post=21988"}],"version-history":[{"count":1,"href":"https:\/\/www.salvatorianas.org.br\/blog\/wp-json\/wp\/v2\/posts\/21988\/revisions"}],"predecessor-version":[{"id":21990,"href":"https:\/\/www.salvatorianas.org.br\/blog\/wp-json\/wp\/v2\/posts\/21988\/revisions\/21990"}],"wp:featuredmedia":[{"embeddable":true,"href":"https:\/\/www.salvatorianas.org.br\/blog\/wp-json\/wp\/v2\/media\/21989"}],"wp:attachment":[{"href":"https:\/\/www.salvatorianas.org.br\/blog\/wp-json\/wp\/v2\/media?parent=21988"}],"wp:term":[{"taxonomy":"category","embeddable":true,"href":"https:\/\/www.salvatorianas.org.br\/blog\/wp-json\/wp\/v2\/categories?post=21988"},{"taxonomy":"post_tag","embeddable":true,"href":"https:\/\/www.salvatorianas.org.br\/blog\/wp-json\/wp\/v2\/tags?post=21988"}],"curies":[{"name":"wp","href":"https:\/\/api.w.org\/{rel}","templated":true}]}}