{"id":21981,"date":"2024-06-06T11:52:57","date_gmt":"2024-06-06T11:52:57","guid":{"rendered":"https:\/\/www.salvatorianas.org.br\/blog\/?p=21981"},"modified":"2024-06-06T11:52:58","modified_gmt":"2024-06-06T11:52:58","slug":"iii-enjel-encontro-nacional-de-juventudes-e-espiritualidade-libertadora","status":"publish","type":"post","link":"https:\/\/www.salvatorianas.org.br\/blog\/iii-enjel-encontro-nacional-de-juventudes-e-espiritualidade-libertadora\/","title":{"rendered":"III ENJEL &#8211; Encontro Nacional de Juventudes e Espiritualidade Libertadora"},"content":{"rendered":"\n<p><\/p>\n\n\n\n<p><strong>\u201cN\u00e3o deixe morrer a profecia\u201d. <\/strong>(Dom Helder C\u00e2mara)<\/p>\n\n\n\n<p>Nos dias 30\/05 a 02\/06, aconteceu em Salvador o III ENJEL &#8211; Encontro Nacional de Juventudes e Espiritualidade Libertadora. N\u00f3s, Irm\u00e3s Salvatorianas, marcamos presen\u00e7a com a participa\u00e7\u00e3o da Ir. Edenilse Marcon e da Vocacionada Andreza Ribeiro Silva.<\/p>\n\n\n\n<p>\u201cPartimos para o III ENJEL sem saber muito o que esperar. Chegamos de m\u00e3os vazias, mas retornamos com o cora\u00e7\u00e3o repleto. Recebemos saberes e sabores de diferentes grupos e povos que converteram seus sofrimentos em resist\u00eancia, que transformaram o preconceito e discrimina\u00e7\u00e3o em for\u00e7a para lutar. Encontramos um lugar com espa\u00e7o para todos se expressarem com confian\u00e7a, se sentirem acolhidas\/os e respeitados\/as em suas falas e espiritualidades.<\/p>\n\n\n\n<p>Os momentos de troca, partilhas e viv\u00eancias nos ensinaram o que o \u201cbem viver\u201d, n\u00e3o p\u00f5em limites no amor, promove o respeito pelas diferen\u00e7as e possibilita ver uma nova face de Deus, que se revela na diversidade da sua cria\u00e7\u00e3o, se manifesta e se faz presente em cada realidade. Experimentamos um Deus que n\u00e3o se prende a espa\u00e7os fechados, mas est\u00e1 conosco, ao nosso redor, dentro de n\u00f3s, promovendo em nosso cora\u00e7\u00e3o, uma inquieta\u00e7\u00e3o diante das injusti\u00e7as deste mundo e o desejo de contribuir para um mundo melhor, salienta a vocacionada \u00a0Andreza Ribeiro Silva.<\/p>\n\n\n\n<p><\/p>\n\n\n\n<figure class=\"wp-block-image size-large\"><img decoding=\"async\" loading=\"lazy\" width=\"1024\" height=\"407\" src=\"https:\/\/www.salvatorianas.org.br\/blog\/wp-content\/uploads\/2024\/06\/E-1-1024x407.jpeg\" alt=\"\" class=\"wp-image-21983\" srcset=\"https:\/\/www.salvatorianas.org.br\/blog\/wp-content\/uploads\/2024\/06\/E-1-1024x407.jpeg 1024w, https:\/\/www.salvatorianas.org.br\/blog\/wp-content\/uploads\/2024\/06\/E-1-300x119.jpeg 300w, https:\/\/www.salvatorianas.org.br\/blog\/wp-content\/uploads\/2024\/06\/E-1-768x305.jpeg 768w, https:\/\/www.salvatorianas.org.br\/blog\/wp-content\/uploads\/2024\/06\/E-1-1536x611.jpeg 1536w, https:\/\/www.salvatorianas.org.br\/blog\/wp-content\/uploads\/2024\/06\/E-1.jpeg 1547w\" sizes=\"(max-width: 1024px) 100vw, 1024px\" \/><\/figure>\n\n\n\n<p><\/p>\n\n\n\n<figure class=\"wp-block-image size-large\"><img decoding=\"async\" loading=\"lazy\" width=\"1024\" height=\"767\" src=\"https:\/\/www.salvatorianas.org.br\/blog\/wp-content\/uploads\/2024\/06\/E2-1024x767.jpeg\" alt=\"\" class=\"wp-image-21984\" srcset=\"https:\/\/www.salvatorianas.org.br\/blog\/wp-content\/uploads\/2024\/06\/E2-1024x767.jpeg 1024w, https:\/\/www.salvatorianas.org.br\/blog\/wp-content\/uploads\/2024\/06\/E2-300x225.jpeg 300w, https:\/\/www.salvatorianas.org.br\/blog\/wp-content\/uploads\/2024\/06\/E2-768x575.jpeg 768w, https:\/\/www.salvatorianas.org.br\/blog\/wp-content\/uploads\/2024\/06\/E2.jpeg 1086w\" sizes=\"(max-width: 1024px) 100vw, 1024px\" \/><\/figure>\n\n\n\n<p><\/p>\n\n\n\n<figure class=\"wp-block-image size-large\"><img decoding=\"async\" loading=\"lazy\" width=\"1024\" height=\"644\" src=\"https:\/\/www.salvatorianas.org.br\/blog\/wp-content\/uploads\/2024\/06\/E4-1024x644.jpeg\" alt=\"\" class=\"wp-image-21985\" srcset=\"https:\/\/www.salvatorianas.org.br\/blog\/wp-content\/uploads\/2024\/06\/E4-1024x644.jpeg 1024w, https:\/\/www.salvatorianas.org.br\/blog\/wp-content\/uploads\/2024\/06\/E4-300x189.jpeg 300w, https:\/\/www.salvatorianas.org.br\/blog\/wp-content\/uploads\/2024\/06\/E4-768x483.jpeg 768w, https:\/\/www.salvatorianas.org.br\/blog\/wp-content\/uploads\/2024\/06\/E4.jpeg 1113w\" sizes=\"(max-width: 1024px) 100vw, 1024px\" \/><\/figure>\n\n\n\n<p><\/p>\n\n\n\n<figure class=\"wp-block-image size-large\"><img decoding=\"async\" loading=\"lazy\" width=\"1024\" height=\"731\" src=\"https:\/\/www.salvatorianas.org.br\/blog\/wp-content\/uploads\/2024\/06\/E6-1024x731.jpeg\" alt=\"\" class=\"wp-image-21986\" srcset=\"https:\/\/www.salvatorianas.org.br\/blog\/wp-content\/uploads\/2024\/06\/E6-1024x731.jpeg 1024w, https:\/\/www.salvatorianas.org.br\/blog\/wp-content\/uploads\/2024\/06\/E6-300x214.jpeg 300w, https:\/\/www.salvatorianas.org.br\/blog\/wp-content\/uploads\/2024\/06\/E6-768x548.jpeg 768w, https:\/\/www.salvatorianas.org.br\/blog\/wp-content\/uploads\/2024\/06\/E6.jpeg 1176w\" sizes=\"(max-width: 1024px) 100vw, 1024px\" \/><\/figure>\n","protected":false},"excerpt":{"rendered":"<p>\u201cN\u00e3o deixe morrer a profecia\u201d. (Dom Helder C\u00e2mara) Nos dias 30\/05 a 02\/06, aconteceu em Salvador o III ENJEL &#8211; Encontro Nacional de Juventudes e Espiritualidade Libertadora. N\u00f3s, Irm\u00e3s Salvatorianas, marcamos presen\u00e7a com&#8230;<\/p>\n","protected":false},"author":2,"featured_media":21982,"comment_status":"open","ping_status":"open","sticky":false,"template":"","format":"standard","meta":[],"categories":[1],"tags":[],"_links":{"self":[{"href":"https:\/\/www.salvatorianas.org.br\/blog\/wp-json\/wp\/v2\/posts\/21981"}],"collection":[{"href":"https:\/\/www.salvatorianas.org.br\/blog\/wp-json\/wp\/v2\/posts"}],"about":[{"href":"https:\/\/www.salvatorianas.org.br\/blog\/wp-json\/wp\/v2\/types\/post"}],"author":[{"embeddable":true,"href":"https:\/\/www.salvatorianas.org.br\/blog\/wp-json\/wp\/v2\/users\/2"}],"replies":[{"embeddable":true,"href":"https:\/\/www.salvatorianas.org.br\/blog\/wp-json\/wp\/v2\/comments?post=21981"}],"version-history":[{"count":1,"href":"https:\/\/www.salvatorianas.org.br\/blog\/wp-json\/wp\/v2\/posts\/21981\/revisions"}],"predecessor-version":[{"id":21987,"href":"https:\/\/www.salvatorianas.org.br\/blog\/wp-json\/wp\/v2\/posts\/21981\/revisions\/21987"}],"wp:featuredmedia":[{"embeddable":true,"href":"https:\/\/www.salvatorianas.org.br\/blog\/wp-json\/wp\/v2\/media\/21982"}],"wp:attachment":[{"href":"https:\/\/www.salvatorianas.org.br\/blog\/wp-json\/wp\/v2\/media?parent=21981"}],"wp:term":[{"taxonomy":"category","embeddable":true,"href":"https:\/\/www.salvatorianas.org.br\/blog\/wp-json\/wp\/v2\/categories?post=21981"},{"taxonomy":"post_tag","embeddable":true,"href":"https:\/\/www.salvatorianas.org.br\/blog\/wp-json\/wp\/v2\/tags?post=21981"}],"curies":[{"name":"wp","href":"https:\/\/api.w.org\/{rel}","templated":true}]}}