{"id":21961,"date":"2024-06-01T12:07:17","date_gmt":"2024-06-01T12:07:17","guid":{"rendered":"https:\/\/www.salvatorianas.org.br\/blog\/?p=21961"},"modified":"2024-06-01T12:07:17","modified_gmt":"2024-06-01T12:07:17","slug":"crb-nacional-celebrando-memoria-mistica-profecia-e-esperanca-70-anos","status":"publish","type":"post","link":"https:\/\/www.salvatorianas.org.br\/blog\/crb-nacional-celebrando-memoria-mistica-profecia-e-esperanca-70-anos\/","title":{"rendered":"CRB Nacional celebrando Mem\u00f3ria, M\u00edstica, Profecia e Esperan\u00e7a \u2013 70 anos"},"content":{"rendered":"\n<p>Fortaleza, a deslumbrante capital do Cear\u00e1, est\u00e1 sendo o cen\u00e1rio do Congresso Nacional dos 70 Anos da Confer\u00eancia dos Religiosos do Brasil (CRB Nacional), um evento singular onde mais de 800 participantes de diversas regi\u00f5es do Brasil est\u00e3o participando, oferecendo um espa\u00e7o para celebra\u00e7\u00e3o, reflex\u00e3o e perspectivas futuras,<\/p>\n\n\n\n<p>#somostodoscrb<\/p>\n\n\n\n<p>#vidasalvatorianapresente<\/p>\n\n\n\n<p><\/p>\n\n\n\n<figure class=\"wp-block-image size-large\"><img decoding=\"async\" loading=\"lazy\" width=\"1024\" height=\"655\" src=\"https:\/\/www.salvatorianas.org.br\/blog\/wp-content\/uploads\/2024\/06\/1-1024x655.jpeg\" alt=\"\" class=\"wp-image-21963\" srcset=\"https:\/\/www.salvatorianas.org.br\/blog\/wp-content\/uploads\/2024\/06\/1-1024x655.jpeg 1024w, https:\/\/www.salvatorianas.org.br\/blog\/wp-content\/uploads\/2024\/06\/1-300x192.jpeg 300w, https:\/\/www.salvatorianas.org.br\/blog\/wp-content\/uploads\/2024\/06\/1-768x491.jpeg 768w, https:\/\/www.salvatorianas.org.br\/blog\/wp-content\/uploads\/2024\/06\/1.jpeg 1348w\" sizes=\"(max-width: 1024px) 100vw, 1024px\" \/><\/figure>\n\n\n\n<p><\/p>\n\n\n\n<figure class=\"wp-block-image size-large\"><img decoding=\"async\" loading=\"lazy\" width=\"1024\" height=\"898\" src=\"https:\/\/www.salvatorianas.org.br\/blog\/wp-content\/uploads\/2024\/06\/2-1024x898.jpeg\" alt=\"\" class=\"wp-image-21964\" srcset=\"https:\/\/www.salvatorianas.org.br\/blog\/wp-content\/uploads\/2024\/06\/2-1024x898.jpeg 1024w, https:\/\/www.salvatorianas.org.br\/blog\/wp-content\/uploads\/2024\/06\/2-300x263.jpeg 300w, https:\/\/www.salvatorianas.org.br\/blog\/wp-content\/uploads\/2024\/06\/2-768x674.jpeg 768w, https:\/\/www.salvatorianas.org.br\/blog\/wp-content\/uploads\/2024\/06\/2.jpeg 1065w\" sizes=\"(max-width: 1024px) 100vw, 1024px\" \/><\/figure>\n\n\n\n<p><\/p>\n\n\n\n<figure class=\"wp-block-image size-full\"><img decoding=\"async\" loading=\"lazy\" width=\"912\" height=\"711\" src=\"https:\/\/www.salvatorianas.org.br\/blog\/wp-content\/uploads\/2024\/06\/3.jpeg\" alt=\"\" class=\"wp-image-21965\" srcset=\"https:\/\/www.salvatorianas.org.br\/blog\/wp-content\/uploads\/2024\/06\/3.jpeg 912w, https:\/\/www.salvatorianas.org.br\/blog\/wp-content\/uploads\/2024\/06\/3-300x234.jpeg 300w, https:\/\/www.salvatorianas.org.br\/blog\/wp-content\/uploads\/2024\/06\/3-768x599.jpeg 768w\" sizes=\"(max-width: 912px) 100vw, 912px\" \/><\/figure>\n\n\n\n<p><\/p>\n\n\n\n<figure class=\"wp-block-image size-large\"><img decoding=\"async\" loading=\"lazy\" width=\"1024\" height=\"649\" src=\"https:\/\/www.salvatorianas.org.br\/blog\/wp-content\/uploads\/2024\/06\/4-1024x649.jpeg\" alt=\"\" class=\"wp-image-21966\" srcset=\"https:\/\/www.salvatorianas.org.br\/blog\/wp-content\/uploads\/2024\/06\/4-1024x649.jpeg 1024w, https:\/\/www.salvatorianas.org.br\/blog\/wp-content\/uploads\/2024\/06\/4-300x190.jpeg 300w, https:\/\/www.salvatorianas.org.br\/blog\/wp-content\/uploads\/2024\/06\/4-768x486.jpeg 768w, https:\/\/www.salvatorianas.org.br\/blog\/wp-content\/uploads\/2024\/06\/4-1536x973.jpeg 1536w, https:\/\/www.salvatorianas.org.br\/blog\/wp-content\/uploads\/2024\/06\/4.jpeg 1710w\" sizes=\"(max-width: 1024px) 100vw, 1024px\" \/><\/figure>\n\n\n\n<p><\/p>\n\n\n\n<figure class=\"wp-block-image size-large\"><img decoding=\"async\" loading=\"lazy\" width=\"688\" height=\"1024\" src=\"https:\/\/www.salvatorianas.org.br\/blog\/wp-content\/uploads\/2024\/06\/5-688x1024.jpeg\" alt=\"\" class=\"wp-image-21967\" srcset=\"https:\/\/www.salvatorianas.org.br\/blog\/wp-content\/uploads\/2024\/06\/5-688x1024.jpeg 688w, https:\/\/www.salvatorianas.org.br\/blog\/wp-content\/uploads\/2024\/06\/5-202x300.jpeg 202w, https:\/\/www.salvatorianas.org.br\/blog\/wp-content\/uploads\/2024\/06\/5.jpeg 720w\" sizes=\"(max-width: 688px) 100vw, 688px\" \/><\/figure>\n\n\n\n<p><\/p>\n\n\n\n<figure class=\"wp-block-image size-large\"><img decoding=\"async\" loading=\"lazy\" width=\"1024\" height=\"993\" src=\"https:\/\/www.salvatorianas.org.br\/blog\/wp-content\/uploads\/2024\/06\/6-1024x993.jpeg\" alt=\"\" class=\"wp-image-21968\" srcset=\"https:\/\/www.salvatorianas.org.br\/blog\/wp-content\/uploads\/2024\/06\/6-1024x993.jpeg 1024w, https:\/\/www.salvatorianas.org.br\/blog\/wp-content\/uploads\/2024\/06\/6-300x291.jpeg 300w, https:\/\/www.salvatorianas.org.br\/blog\/wp-content\/uploads\/2024\/06\/6-768x745.jpeg 768w, https:\/\/www.salvatorianas.org.br\/blog\/wp-content\/uploads\/2024\/06\/6.jpeg 1135w\" sizes=\"(max-width: 1024px) 100vw, 1024px\" \/><\/figure>\n\n\n\n<p><\/p>\n\n\n\n<figure class=\"wp-block-image size-large\"><img decoding=\"async\" loading=\"lazy\" width=\"1024\" height=\"844\" src=\"https:\/\/www.salvatorianas.org.br\/blog\/wp-content\/uploads\/2024\/06\/7-1024x844.jpeg\" alt=\"\" class=\"wp-image-21969\" srcset=\"https:\/\/www.salvatorianas.org.br\/blog\/wp-content\/uploads\/2024\/06\/7-1024x844.jpeg 1024w, https:\/\/www.salvatorianas.org.br\/blog\/wp-content\/uploads\/2024\/06\/7-300x247.jpeg 300w, https:\/\/www.salvatorianas.org.br\/blog\/wp-content\/uploads\/2024\/06\/7-768x633.jpeg 768w, https:\/\/www.salvatorianas.org.br\/blog\/wp-content\/uploads\/2024\/06\/7.jpeg 1074w\" sizes=\"(max-width: 1024px) 100vw, 1024px\" \/><\/figure>\n","protected":false},"excerpt":{"rendered":"<p>Fortaleza, a deslumbrante capital do Cear\u00e1, est\u00e1 sendo o cen\u00e1rio do Congresso Nacional dos 70 Anos da Confer\u00eancia dos Religiosos do Brasil (CRB Nacional), um evento singular onde mais de 800 participantes de&#8230;<\/p>\n","protected":false},"author":2,"featured_media":21962,"comment_status":"open","ping_status":"open","sticky":false,"template":"","format":"standard","meta":[],"categories":[1],"tags":[],"_links":{"self":[{"href":"https:\/\/www.salvatorianas.org.br\/blog\/wp-json\/wp\/v2\/posts\/21961"}],"collection":[{"href":"https:\/\/www.salvatorianas.org.br\/blog\/wp-json\/wp\/v2\/posts"}],"about":[{"href":"https:\/\/www.salvatorianas.org.br\/blog\/wp-json\/wp\/v2\/types\/post"}],"author":[{"embeddable":true,"href":"https:\/\/www.salvatorianas.org.br\/blog\/wp-json\/wp\/v2\/users\/2"}],"replies":[{"embeddable":true,"href":"https:\/\/www.salvatorianas.org.br\/blog\/wp-json\/wp\/v2\/comments?post=21961"}],"version-history":[{"count":3,"href":"https:\/\/www.salvatorianas.org.br\/blog\/wp-json\/wp\/v2\/posts\/21961\/revisions"}],"predecessor-version":[{"id":21972,"href":"https:\/\/www.salvatorianas.org.br\/blog\/wp-json\/wp\/v2\/posts\/21961\/revisions\/21972"}],"wp:featuredmedia":[{"embeddable":true,"href":"https:\/\/www.salvatorianas.org.br\/blog\/wp-json\/wp\/v2\/media\/21962"}],"wp:attachment":[{"href":"https:\/\/www.salvatorianas.org.br\/blog\/wp-json\/wp\/v2\/media?parent=21961"}],"wp:term":[{"taxonomy":"category","embeddable":true,"href":"https:\/\/www.salvatorianas.org.br\/blog\/wp-json\/wp\/v2\/categories?post=21961"},{"taxonomy":"post_tag","embeddable":true,"href":"https:\/\/www.salvatorianas.org.br\/blog\/wp-json\/wp\/v2\/tags?post=21961"}],"curies":[{"name":"wp","href":"https:\/\/api.w.org\/{rel}","templated":true}]}}