{"id":2195,"date":"2015-05-19T00:00:00","date_gmt":"2015-05-19T00:00:00","guid":{"rendered":"https:\/\/www.salvatorianas.org.br\/blog\/2-dia-de-oracao-pela-unidade-dos-cristaos\/"},"modified":"2015-05-19T00:00:00","modified_gmt":"2015-05-19T00:00:00","slug":"2-dia-de-oracao-pela-unidade-dos-cristaos","status":"publish","type":"post","link":"https:\/\/www.salvatorianas.org.br\/blog\/2-dia-de-oracao-pela-unidade-dos-cristaos\/","title":{"rendered":"2\u00ba dia de ora\u00e7\u00e3o pela unidade dos crist\u00e3os"},"content":{"rendered":"<p><strong>[imagem1] <\/strong><\/p>\n<p><strong>Cansado da viagem, Jesus estava assim sentado na borda do po&ccedil;o (Jo&atilde;o 4,6)<\/strong><\/p>\n<p style=\"text-align: justify;\"><strong>Coment&aacute;rio<\/strong><\/p>\n<p style=\"text-align: justify;\">Jesus tinha estado na Jud&eacute;ia antes de seu encontro com a mulher samaritana. Os fariseus tinham come&ccedil;ado a espalhar a id&eacute;ia de que&nbsp; Jesus batizara mais disc&iacute;pulos do que Jo&atilde;o. Talvez esse tipo de&nbsp; conversa tenha causado alguma tens&atilde;o e desconforto. Talvez tenha sido essa a raz&atilde;o da decis&atilde;o de Jesus de ir embora.<\/p>\n<p style=\"text-align: justify;\">Chegando ao po&ccedil;o, Jesus resolve parar. Estava cansado de sua viagem. Sua fadiga poderia tamb&eacute;m ter algo a ver com o que estavam dizendo sobre ele. Enquanto descansava, uma mulher samaritana se aproximou do po&ccedil;o para tirar &aacute;gua. Esse encontro aconteceu no po&ccedil;o de Jac&oacute;: um lugar simb&oacute;lico para a vida e a espiritualidade do povo da B&iacute;blia.<\/p>\n<p style=\"text-align: justify;\">Come&ccedil;a um di&aacute;logo entre a mulher samaritana e Jesus sobre o lugar onde se deveria adorar . &ldquo;&Eacute; na montanha ou em Jerusal&eacute;m?&rdquo; pergunta a mulher samaritana. Jesus responde: &ldquo;nem na montanha nem em Jerusal&eacute;m&#8230; os verdadeiros adoradores adorar&atilde;o o Pai em esp&iacute;rito e verdade pois s&atilde;o esses os adoradores que o Pai procura&rdquo;. (Jo 4, 21-24)<\/p>\n<p style=\"text-align: justify;\">Ainda acontece que, em vez de uma busca comum da unidade, a competi&ccedil;&atilde;o e a disputa sejam uma caracter&iacute;stica do relacionamento entre Igrejas. Isso tem sido a experi&ecirc;ncia vivida no Brasil em anos recentes. Comunidades exaltam suas pr&oacute;prias virtudes e os benef&iacute;cios que aguardam seus adeptos a fim de atrair novos membros. Alguns pensam que quanto maior for a Igreja, mais numerosos os seus membros e maior o seu poder, mais perto estar&atilde;o de Deus, apresentando a si mesmos como os &uacute;nicos adoradores verdadeiros.&nbsp; Como resultado, tem havido&nbsp; viol&ecirc;ncia e desrespeito a outras religi&otilde;es e tradi&ccedil;&otilde;es. Esse tipo de marketing competitivo cria tanto a desconfian&ccedil;a entre as Igrejas como uma falta de credibilidade na sociedade em rela&ccedil;&atilde;o ao cristianismo como um todo. &Agrave; medida que cresce a competi&ccedil;&atilde;o, a &ldquo;outra&rdquo; comunidade se torna o inimigo.<\/p>\n<p style=\"text-align: justify;\">Quem s&atilde;o os verdadeiros adoradores? Verdadeiros adoradores n&atilde;o permitem que a l&oacute;gica da competi&ccedil;&atilde;o &ndash; quem &eacute; melhor e quem &eacute; pior &ndash; contamine a f&eacute;. Precisamos de &ldquo;po&ccedil;os&rdquo; para nos apoiar, para descansar e abandonar as disputas, a competi&ccedil;&atilde;o e a viol&ecirc;ncia, lugares onde possamos aprender que verdadeiros adoradores adoram &ldquo;em Esp&iacute;rito e Verdade&rdquo;.<\/p>\n<p style=\"text-align: justify;\"><strong>Quest&otilde;es<\/strong><\/p>\n<ol style=\"text-align: justify;\">\n<li>Quais s&atilde;o os maiores motivos de competi&ccedil;&atilde;o entre nossas Igrejas?<\/li>\n<li>Somos capazes de identificar um &ldquo;po&ccedil;o&rdquo; comum no qual possamos nos apoiar e descansar de nossas disputas e competi&ccedil;&otilde;es?<\/li>\n<\/ol>\n<p style=\"text-align: justify;\">&nbsp;<\/p>\n<p style=\"text-align: center;\"><strong>Ora&ccedil;&atilde;o<\/strong><\/p>\n<p style=\"text-align: center;\">Generoso Deus,<\/p>\n<p style=\"text-align: center;\">frequentemente nossas Igrejas s&atilde;o levadas a escolher a l&oacute;gica da competi&ccedil;&atilde;o.<\/p>\n<p style=\"text-align: center;\">Perdoa nosso pecado de presun&ccedil;&atilde;o.<\/p>\n<p style=\"text-align: center;\">Estamos cansados dessa necessidade de estar em primeiro lugar.<\/p>\n<p style=\"text-align: center;\">Deixa-nos descansar no po&ccedil;o.<\/p>\n<p style=\"text-align: center;\">Refresca-nos com a &aacute;gua da unidade que vem da nossa ora&ccedil;&atilde;o em comum.<\/p>\n<p style=\"text-align: center;\">Que o teu Esp&iacute;rito, que pairou sobre as &aacute;guas do caos,<\/p>\n<p style=\"text-align: center;\">nos traga unidade na nossa diversidade.<\/p>\n<p style=\"text-align: center;\">Am&eacute;m.<\/p>\n<p style=\"text-align: center;\">&nbsp;<\/p>\n<p style=\"text-align: left;\"><strong>Fonte:<\/strong>&nbsp;Pontif&iacute;cio Conselho para a Promo&ccedil;&atilde;o da Unidade dos Crist&atilde;os e&nbsp;Comiss&atilde;o F&eacute; e Constitui&ccedil;&atilde;o do Conselho Mundial de Igrejas.<\/p>\n<p>&nbsp;<\/p>\n","protected":false},"excerpt":{"rendered":"<p>[imagem1] Cansado da viagem, Jesus estava assim sentado na borda do po&ccedil;o (Jo&atilde;o 4,6) Coment&aacute;rio Jesus tinha estado na Jud&eacute;ia antes de seu encontro com a mulher samaritana. Os fariseus tinham come&ccedil;ado a&#8230;<\/p>\n","protected":false},"author":1,"featured_media":2367,"comment_status":"open","ping_status":"open","sticky":false,"template":"","format":"standard","meta":[],"categories":[1],"tags":[],"_links":{"self":[{"href":"https:\/\/www.salvatorianas.org.br\/blog\/wp-json\/wp\/v2\/posts\/2195"}],"collection":[{"href":"https:\/\/www.salvatorianas.org.br\/blog\/wp-json\/wp\/v2\/posts"}],"about":[{"href":"https:\/\/www.salvatorianas.org.br\/blog\/wp-json\/wp\/v2\/types\/post"}],"author":[{"embeddable":true,"href":"https:\/\/www.salvatorianas.org.br\/blog\/wp-json\/wp\/v2\/users\/1"}],"replies":[{"embeddable":true,"href":"https:\/\/www.salvatorianas.org.br\/blog\/wp-json\/wp\/v2\/comments?post=2195"}],"version-history":[{"count":0,"href":"https:\/\/www.salvatorianas.org.br\/blog\/wp-json\/wp\/v2\/posts\/2195\/revisions"}],"wp:featuredmedia":[{"embeddable":true,"href":"https:\/\/www.salvatorianas.org.br\/blog\/wp-json\/wp\/v2\/media\/2367"}],"wp:attachment":[{"href":"https:\/\/www.salvatorianas.org.br\/blog\/wp-json\/wp\/v2\/media?parent=2195"}],"wp:term":[{"taxonomy":"category","embeddable":true,"href":"https:\/\/www.salvatorianas.org.br\/blog\/wp-json\/wp\/v2\/categories?post=2195"},{"taxonomy":"post_tag","embeddable":true,"href":"https:\/\/www.salvatorianas.org.br\/blog\/wp-json\/wp\/v2\/tags?post=2195"}],"curies":[{"name":"wp","href":"https:\/\/api.w.org\/{rel}","templated":true}]}}