{"id":21926,"date":"2024-04-29T13:01:24","date_gmt":"2024-04-29T13:01:24","guid":{"rendered":"https:\/\/www.salvatorianas.org.br\/blog\/?p=21926"},"modified":"2024-04-29T13:01:25","modified_gmt":"2024-04-29T13:01:25","slug":"missao-salvatoriana-em-mocambique-recebe-visita-da-equipe-de-coordenacao-provincial","status":"publish","type":"post","link":"https:\/\/www.salvatorianas.org.br\/blog\/missao-salvatoriana-em-mocambique-recebe-visita-da-equipe-de-coordenacao-provincial\/","title":{"rendered":"Miss\u00e3o Salvatoriana em Mo\u00e7ambique recebe visita da Equipe de Coordena\u00e7\u00e3o Provincial"},"content":{"rendered":"\n<p>Nos dias 27 e 28 de Abril, estiveram reunidas todas as irm\u00e3s das comunidades da Miss\u00e3o de Mo\u00e7ambique juntamente com as irm\u00e3s Lisete Buganti Coordenadora Provincial\/SC e Maria Jovelina Oliveira, conselheira Provincial e respons\u00e1vel pela Forma\u00e7\u00e3o. O encontro aconteceu em Chimoio, Mo\u00e7ambique, nele aconteceu partilha, reflex\u00e3o, avalia\u00e7\u00e3o, discernimento sobre a caminhada, a vida e miss\u00e3o e tamb\u00e9m, o estudo sobre o\u00a0 protocolo \u00b4\u00b4Toler\u00e2ncia Zero\u00b4\u00b4 e orienta\u00e7\u00f5es para o planejamento comunit\u00e1rio, \u00a0\u00e0 luz do documento capitular.<\/p>\n\n\n\n<figure class=\"wp-block-image size-large\"><img decoding=\"async\" loading=\"lazy\" width=\"1024\" height=\"665\" src=\"https:\/\/www.salvatorianas.org.br\/blog\/wp-content\/uploads\/2024\/04\/2-1-1024x665.jpeg\" alt=\"\" class=\"wp-image-21928\" srcset=\"https:\/\/www.salvatorianas.org.br\/blog\/wp-content\/uploads\/2024\/04\/2-1-1024x665.jpeg 1024w, https:\/\/www.salvatorianas.org.br\/blog\/wp-content\/uploads\/2024\/04\/2-1-300x195.jpeg 300w, https:\/\/www.salvatorianas.org.br\/blog\/wp-content\/uploads\/2024\/04\/2-1-768x499.jpeg 768w, https:\/\/www.salvatorianas.org.br\/blog\/wp-content\/uploads\/2024\/04\/2-1.jpeg 1100w\" sizes=\"(max-width: 1024px) 100vw, 1024px\" \/><\/figure>\n","protected":false},"excerpt":{"rendered":"<p>Nos dias 27 e 28 de Abril, estiveram reunidas todas as irm\u00e3s das comunidades da Miss\u00e3o de Mo\u00e7ambique juntamente com as irm\u00e3s Lisete Buganti Coordenadora Provincial\/SC e Maria Jovelina Oliveira, conselheira Provincial e&#8230;<\/p>\n","protected":false},"author":2,"featured_media":21930,"comment_status":"open","ping_status":"open","sticky":false,"template":"","format":"standard","meta":[],"categories":[1],"tags":[],"_links":{"self":[{"href":"https:\/\/www.salvatorianas.org.br\/blog\/wp-json\/wp\/v2\/posts\/21926"}],"collection":[{"href":"https:\/\/www.salvatorianas.org.br\/blog\/wp-json\/wp\/v2\/posts"}],"about":[{"href":"https:\/\/www.salvatorianas.org.br\/blog\/wp-json\/wp\/v2\/types\/post"}],"author":[{"embeddable":true,"href":"https:\/\/www.salvatorianas.org.br\/blog\/wp-json\/wp\/v2\/users\/2"}],"replies":[{"embeddable":true,"href":"https:\/\/www.salvatorianas.org.br\/blog\/wp-json\/wp\/v2\/comments?post=21926"}],"version-history":[{"count":3,"href":"https:\/\/www.salvatorianas.org.br\/blog\/wp-json\/wp\/v2\/posts\/21926\/revisions"}],"predecessor-version":[{"id":21932,"href":"https:\/\/www.salvatorianas.org.br\/blog\/wp-json\/wp\/v2\/posts\/21926\/revisions\/21932"}],"wp:featuredmedia":[{"embeddable":true,"href":"https:\/\/www.salvatorianas.org.br\/blog\/wp-json\/wp\/v2\/media\/21930"}],"wp:attachment":[{"href":"https:\/\/www.salvatorianas.org.br\/blog\/wp-json\/wp\/v2\/media?parent=21926"}],"wp:term":[{"taxonomy":"category","embeddable":true,"href":"https:\/\/www.salvatorianas.org.br\/blog\/wp-json\/wp\/v2\/categories?post=21926"},{"taxonomy":"post_tag","embeddable":true,"href":"https:\/\/www.salvatorianas.org.br\/blog\/wp-json\/wp\/v2\/tags?post=21926"}],"curies":[{"name":"wp","href":"https:\/\/api.w.org\/{rel}","templated":true}]}}