{"id":21914,"date":"2024-05-30T16:29:02","date_gmt":"2024-05-30T16:29:02","guid":{"rendered":"https:\/\/www.salvatorianas.org.br\/blog\/?p=21914"},"modified":"2024-04-18T16:41:07","modified_gmt":"2024-04-18T16:41:07","slug":"congresso-da-vida-consagrada-fortaleza-ce-30-05-a-02-06-2024","status":"publish","type":"post","link":"https:\/\/www.salvatorianas.org.br\/blog\/congresso-da-vida-consagrada-fortaleza-ce-30-05-a-02-06-2024\/","title":{"rendered":"CONGRESSO DA VIDA CONSAGRADA FORTALEZA\/CE 30\/05 a 02\/06\/2024"},"content":{"rendered":"\n<p><strong><em>\u201cCRB 70 Anos: Mem\u00f3ria, M\u00edstica, Profecia e Esperan\u00e7a\u201d. <\/em><\/strong><\/p>\n\n\n\n<p><strong><em>\u201cPermanecei no meu Amor\u201d (Jo 15,9).<\/em><\/strong><\/p>\n\n\n\n<p>Esse evento comemorativo ser\u00e1 um momento de celebra\u00e7\u00e3o e reflex\u00e3o sobre a trajet\u00f3ria da Confer\u00eancia ao longo dos anos, bem como sobre os desafios e perspectivas para o futuro.<\/p>\n","protected":false},"excerpt":{"rendered":"<p>\u201cCRB 70 Anos: Mem\u00f3ria, M\u00edstica, Profecia e Esperan\u00e7a\u201d. \u201cPermanecei no meu Amor\u201d (Jo 15,9). Esse evento comemorativo ser\u00e1 um momento de celebra\u00e7\u00e3o e reflex\u00e3o sobre a trajet\u00f3ria da Confer\u00eancia ao longo dos anos,&#8230;<\/p>\n","protected":false},"author":2,"featured_media":21915,"comment_status":"open","ping_status":"open","sticky":false,"template":"","format":"standard","meta":[],"categories":[1],"tags":[],"_links":{"self":[{"href":"https:\/\/www.salvatorianas.org.br\/blog\/wp-json\/wp\/v2\/posts\/21914"}],"collection":[{"href":"https:\/\/www.salvatorianas.org.br\/blog\/wp-json\/wp\/v2\/posts"}],"about":[{"href":"https:\/\/www.salvatorianas.org.br\/blog\/wp-json\/wp\/v2\/types\/post"}],"author":[{"embeddable":true,"href":"https:\/\/www.salvatorianas.org.br\/blog\/wp-json\/wp\/v2\/users\/2"}],"replies":[{"embeddable":true,"href":"https:\/\/www.salvatorianas.org.br\/blog\/wp-json\/wp\/v2\/comments?post=21914"}],"version-history":[{"count":3,"href":"https:\/\/www.salvatorianas.org.br\/blog\/wp-json\/wp\/v2\/posts\/21914\/revisions"}],"predecessor-version":[{"id":21919,"href":"https:\/\/www.salvatorianas.org.br\/blog\/wp-json\/wp\/v2\/posts\/21914\/revisions\/21919"}],"wp:featuredmedia":[{"embeddable":true,"href":"https:\/\/www.salvatorianas.org.br\/blog\/wp-json\/wp\/v2\/media\/21915"}],"wp:attachment":[{"href":"https:\/\/www.salvatorianas.org.br\/blog\/wp-json\/wp\/v2\/media?parent=21914"}],"wp:term":[{"taxonomy":"category","embeddable":true,"href":"https:\/\/www.salvatorianas.org.br\/blog\/wp-json\/wp\/v2\/categories?post=21914"},{"taxonomy":"post_tag","embeddable":true,"href":"https:\/\/www.salvatorianas.org.br\/blog\/wp-json\/wp\/v2\/tags?post=21914"}],"curies":[{"name":"wp","href":"https:\/\/api.w.org\/{rel}","templated":true}]}}