{"id":2191,"date":"2015-05-20T00:00:00","date_gmt":"2015-05-20T00:00:00","guid":{"rendered":"https:\/\/www.salvatorianas.org.br\/blog\/3-dia-de-oracao-pela-unidade-dos-cristaos\/"},"modified":"2015-05-20T00:00:00","modified_gmt":"2015-05-20T00:00:00","slug":"3-dia-de-oracao-pela-unidade-dos-cristaos","status":"publish","type":"post","link":"https:\/\/www.salvatorianas.org.br\/blog\/3-dia-de-oracao-pela-unidade-dos-cristaos\/","title":{"rendered":"3\u00ba dia de ora\u00e7\u00e3o pela unidade dos crist\u00e3os"},"content":{"rendered":"<p><strong>[imagem1] <\/strong><\/p>\n<p><strong>Eu n&atilde;o tenho marido (Jo&atilde;o 4,17)<\/strong><\/p>\n<p style=\"text-align: justify;\">A mulher samaritana responde a Jesus: &ldquo;Eu n&atilde;o tenho marido.&rdquo; O assunto da conversa agora &eacute; a vida conjugal da mulher. H&aacute; uma mudan&ccedil;a de termos no conte&uacute;do do di&aacute;logo &ndash; da &aacute;gua para o marido: &ldquo;Vai, chama o teu marido e volta aqui&rdquo; (Jo 4,16). Mas Jesus sabe que a mulher tinha tido cinco maridos e que o homem que ela tem agora n&atilde;o &eacute; seu marido. Qual &eacute; a situa&ccedil;&atilde;o da mulher? Seu marido pediu div&oacute;rcio? Ela era vi&uacute;va?&nbsp; Tinha filhos?&nbsp; Essas perguntas surgem naturalmente quando lidamos com essa narrativa. No entanto, parece que Jesus estava interessado em outra dimens&atilde;o da situa&ccedil;&atilde;o da mulher; ele tem conhecimento da vida da mulher mas permanece aberto a ela, vai ao seu encontro. Jesus n&atilde;o insiste numa interpreta&ccedil;&atilde;o moral da resposta dela, mas parece querer conduzi-la para al&eacute;m disso. E, como resultado, a atitude da mulher em rela&ccedil;&atilde;o a Jesus muda. A essa altura, os obst&aacute;culos de diferen&ccedil;as culturais e religiosas ficam para tr&aacute;s para dar espa&ccedil;o a algo muito mais importante: um encontro em confian&ccedil;a. O comportamento de Jesus nesse momento nos permite abrir novas janelas e levantar outras quest&otilde;es: quest&otilde;es que desafiam as atitudes que desmoralizam e marginalizam mulheres e tamb&eacute;m quest&otilde;es sobre as diferen&ccedil;as que permitimos que se coloquem&nbsp; como bloqueio no caminho da unidade que buscamos e pela qual oramos.<\/p>\n<p><strong>Quest&otilde;es para reflex&atilde;o:<\/strong><\/p>\n<ol>\n<li>Quais s&atilde;o as estruturas de pecado que podemos identificar em nossas comunidades?<\/li>\n<\/ol>\n<ol start=\"2\">\n<li>Qual &eacute; o lugar e o papel das mulheres em nossas comunidades?<\/li>\n<\/ol>\n<ol start=\"3\">\n<li>O que podem fazer as nossas Igrejas para prevenir e superar a viol&ecirc;ncia contra mulheres e meninas?<\/li>\n<\/ol>\n<p>&nbsp;<\/p>\n<p style=\"text-align: center;\"><strong>Ora&ccedil;&atilde;o<\/strong><\/p>\n<p style=\"text-align: center;\">&nbsp;<\/p>\n<p style=\"text-align: center;\">Tu que est&aacute;s em todas as coisas,<\/p>\n<p style=\"text-align: center;\">como podemos te chamar por qualquer outro nome?<\/p>\n<p style=\"text-align: center;\">Que can&ccedil;&atilde;o poder&iacute;amos cantar para Ti?<\/p>\n<p style=\"text-align: center;\">Palavras n&atilde;o podem te descrever.<\/p>\n<p style=\"text-align: center;\">Que esp&iacute;rito pode te perceber?<\/p>\n<p style=\"text-align: center;\">Nenhuma intelig&ecirc;ncia pode te compreender.<\/p>\n<p style=\"text-align: center;\">S&oacute; Tu&nbsp; n&atilde;o podes ser descrito;<\/p>\n<p style=\"text-align: center;\">tudo que de Ti &eacute; dito vem de Ti.<\/p>\n<p style=\"text-align: center;\">S&oacute; Tu est&aacute;s al&eacute;m do que podemos conhecer;<\/p>\n<p style=\"text-align: center;\">tudo o que sabemos vem de Ti.<\/p>\n<p style=\"text-align: center;\">Todas as criaturas Te proclamam, as que falam e as que s&atilde;o mudas.<\/p>\n<p style=\"text-align: center;\">Todos te desejam, todos suspiram e aspiram por Ti.<\/p>\n<p style=\"text-align: center;\">Tudo o que existe ora para Ti,<\/p>\n<p style=\"text-align: center;\">e todo ser que pode contemplar teu universo dedica a Ti um hino silencioso.<\/p>\n<p style=\"text-align: center;\">Tem piedade de n&oacute;s, tu que est&aacute;s al&eacute;m de todas as coisas.<\/p>\n<p style=\"text-align: center;\">Como te poder&iacute;amos chamar por qualquer outro nome?<\/p>\n<p style=\"text-align: center;\">Am&eacute;m.<\/p>\n<p style=\"text-align: right;\">(Atribu&iacute;do a Greg&oacute;rio Nazianzeno)<\/p>\n<p style=\"text-align: right;\">&nbsp;<\/p>\n<p style=\"text-align: justify;\"><strong>Fonte:<\/strong>&nbsp;Pontif&iacute;cio Conselho para a Promo&ccedil;&atilde;o da Unidade dos Crist&atilde;os e&nbsp;Comiss&atilde;o F&eacute; e Constitui&ccedil;&atilde;o do Conselho Mundial de Igrejas.<\/p>\n<p style=\"text-align: justify;\">&nbsp;<\/p>\n<p style=\"text-align: justify;\">&nbsp;<\/p>\n","protected":false},"excerpt":{"rendered":"<p>[imagem1] Eu n&atilde;o tenho marido (Jo&atilde;o 4,17) A mulher samaritana responde a Jesus: &ldquo;Eu n&atilde;o tenho marido.&rdquo; O assunto da conversa agora &eacute; a vida conjugal da mulher. H&aacute; uma mudan&ccedil;a de termos&#8230;<\/p>\n","protected":false},"author":1,"featured_media":2346,"comment_status":"open","ping_status":"open","sticky":false,"template":"","format":"standard","meta":[],"categories":[1],"tags":[],"_links":{"self":[{"href":"https:\/\/www.salvatorianas.org.br\/blog\/wp-json\/wp\/v2\/posts\/2191"}],"collection":[{"href":"https:\/\/www.salvatorianas.org.br\/blog\/wp-json\/wp\/v2\/posts"}],"about":[{"href":"https:\/\/www.salvatorianas.org.br\/blog\/wp-json\/wp\/v2\/types\/post"}],"author":[{"embeddable":true,"href":"https:\/\/www.salvatorianas.org.br\/blog\/wp-json\/wp\/v2\/users\/1"}],"replies":[{"embeddable":true,"href":"https:\/\/www.salvatorianas.org.br\/blog\/wp-json\/wp\/v2\/comments?post=2191"}],"version-history":[{"count":0,"href":"https:\/\/www.salvatorianas.org.br\/blog\/wp-json\/wp\/v2\/posts\/2191\/revisions"}],"wp:featuredmedia":[{"embeddable":true,"href":"https:\/\/www.salvatorianas.org.br\/blog\/wp-json\/wp\/v2\/media\/2346"}],"wp:attachment":[{"href":"https:\/\/www.salvatorianas.org.br\/blog\/wp-json\/wp\/v2\/media?parent=2191"}],"wp:term":[{"taxonomy":"category","embeddable":true,"href":"https:\/\/www.salvatorianas.org.br\/blog\/wp-json\/wp\/v2\/categories?post=2191"},{"taxonomy":"post_tag","embeddable":true,"href":"https:\/\/www.salvatorianas.org.br\/blog\/wp-json\/wp\/v2\/tags?post=2191"}],"curies":[{"name":"wp","href":"https:\/\/api.w.org\/{rel}","templated":true}]}}