{"id":21891,"date":"2024-04-14T12:58:45","date_gmt":"2024-04-14T12:58:45","guid":{"rendered":"https:\/\/www.salvatorianas.org.br\/blog\/?p=21891"},"modified":"2024-04-14T12:58:45","modified_gmt":"2024-04-14T12:58:45","slug":"encontro-provincial-de-liderancas-das-comunidades","status":"publish","type":"post","link":"https:\/\/www.salvatorianas.org.br\/blog\/encontro-provincial-de-liderancas-das-comunidades\/","title":{"rendered":"Encontro Provincial de Lideran\u00e7as das Comunidades"},"content":{"rendered":"\n<p>Nos dias 10 e 11 de abril, reuniram-se irm\u00e3s das diversas comunidades da Prov\u00edncia Santa Catarina, em Lages\/SC para um encontro de reflex\u00e3o e partilha sobre o Protocolo \u201cToler\u00e2ncia Zero\u201d e encaminhamentos para a elabora\u00e7\u00e3o e viv\u00eancia do planejamento comunit\u00e1rio com base no Documento Capitular.<\/p>\n\n\n\n<p><\/p>\n\n\n\n<figure class=\"wp-block-image size-large\"><img decoding=\"async\" loading=\"lazy\" width=\"1024\" height=\"815\" src=\"https:\/\/www.salvatorianas.org.br\/blog\/wp-content\/uploads\/2024\/04\/2-1024x815.jpeg\" alt=\"\" class=\"wp-image-21893\" srcset=\"https:\/\/www.salvatorianas.org.br\/blog\/wp-content\/uploads\/2024\/04\/2-1024x815.jpeg 1024w, https:\/\/www.salvatorianas.org.br\/blog\/wp-content\/uploads\/2024\/04\/2-300x239.jpeg 300w, https:\/\/www.salvatorianas.org.br\/blog\/wp-content\/uploads\/2024\/04\/2-768x611.jpeg 768w, https:\/\/www.salvatorianas.org.br\/blog\/wp-content\/uploads\/2024\/04\/2.jpeg 1191w\" sizes=\"(max-width: 1024px) 100vw, 1024px\" \/><\/figure>\n\n\n\n<p><\/p>\n\n\n\n<figure class=\"wp-block-image size-large\"><img decoding=\"async\" loading=\"lazy\" width=\"1024\" height=\"664\" src=\"https:\/\/www.salvatorianas.org.br\/blog\/wp-content\/uploads\/2024\/04\/33-1024x664.jpeg\" alt=\"\" class=\"wp-image-21894\" srcset=\"https:\/\/www.salvatorianas.org.br\/blog\/wp-content\/uploads\/2024\/04\/33-1024x664.jpeg 1024w, https:\/\/www.salvatorianas.org.br\/blog\/wp-content\/uploads\/2024\/04\/33-300x194.jpeg 300w, https:\/\/www.salvatorianas.org.br\/blog\/wp-content\/uploads\/2024\/04\/33-768x498.jpeg 768w, https:\/\/www.salvatorianas.org.br\/blog\/wp-content\/uploads\/2024\/04\/33.jpeg 1054w\" sizes=\"(max-width: 1024px) 100vw, 1024px\" \/><\/figure>\n\n\n\n<p><\/p>\n\n\n\n<figure class=\"wp-block-image size-large\"><img decoding=\"async\" loading=\"lazy\" width=\"1111\" height=\"1520\" src=\"https:\/\/www.salvatorianas.org.br\/blog\/wp-content\/uploads\/2024\/04\/4-748x1024.jpeg\" alt=\"\" class=\"wp-image-21895\" srcset=\"https:\/\/www.salvatorianas.org.br\/blog\/wp-content\/uploads\/2024\/04\/4-748x1024.jpeg 748w, https:\/\/www.salvatorianas.org.br\/blog\/wp-content\/uploads\/2024\/04\/4-219x300.jpeg 219w, https:\/\/www.salvatorianas.org.br\/blog\/wp-content\/uploads\/2024\/04\/4-768x1051.jpeg 768w, https:\/\/www.salvatorianas.org.br\/blog\/wp-content\/uploads\/2024\/04\/4.jpeg 1111w\" sizes=\"(max-width: 1111px) 100vw, 1111px\" \/><\/figure>\n\n\n\n<p><\/p>\n\n\n\n<p><\/p>\n\n\n\n<figure class=\"wp-block-image size-large\"><img decoding=\"async\" loading=\"lazy\" width=\"1024\" height=\"619\" src=\"https:\/\/www.salvatorianas.org.br\/blog\/wp-content\/uploads\/2024\/04\/5-1024x619.jpeg\" alt=\"\" class=\"wp-image-21896\" srcset=\"https:\/\/www.salvatorianas.org.br\/blog\/wp-content\/uploads\/2024\/04\/5-1024x619.jpeg 1024w, https:\/\/www.salvatorianas.org.br\/blog\/wp-content\/uploads\/2024\/04\/5-300x181.jpeg 300w, https:\/\/www.salvatorianas.org.br\/blog\/wp-content\/uploads\/2024\/04\/5-768x464.jpeg 768w, https:\/\/www.salvatorianas.org.br\/blog\/wp-content\/uploads\/2024\/04\/5.jpeg 1460w\" sizes=\"(max-width: 1024px) 100vw, 1024px\" \/><\/figure>\n\n\n\n<p><\/p>\n\n\n\n<figure class=\"wp-block-image size-large\"><img decoding=\"async\" loading=\"lazy\" width=\"1024\" height=\"820\" src=\"https:\/\/www.salvatorianas.org.br\/blog\/wp-content\/uploads\/2024\/04\/6-1024x820.jpeg\" alt=\"\" class=\"wp-image-21897\" srcset=\"https:\/\/www.salvatorianas.org.br\/blog\/wp-content\/uploads\/2024\/04\/6-1024x820.jpeg 1024w, https:\/\/www.salvatorianas.org.br\/blog\/wp-content\/uploads\/2024\/04\/6-300x240.jpeg 300w, https:\/\/www.salvatorianas.org.br\/blog\/wp-content\/uploads\/2024\/04\/6-768x615.jpeg 768w, https:\/\/www.salvatorianas.org.br\/blog\/wp-content\/uploads\/2024\/04\/6.jpeg 1092w\" sizes=\"(max-width: 1024px) 100vw, 1024px\" \/><\/figure>\n\n\n\n<p><\/p>\n\n\n\n<figure class=\"wp-block-image size-large\"><img decoding=\"async\" loading=\"lazy\" width=\"1024\" height=\"526\" src=\"https:\/\/www.salvatorianas.org.br\/blog\/wp-content\/uploads\/2024\/04\/8-1024x526.jpeg\" alt=\"\" class=\"wp-image-21898\" srcset=\"https:\/\/www.salvatorianas.org.br\/blog\/wp-content\/uploads\/2024\/04\/8-1024x526.jpeg 1024w, https:\/\/www.salvatorianas.org.br\/blog\/wp-content\/uploads\/2024\/04\/8-300x154.jpeg 300w, https:\/\/www.salvatorianas.org.br\/blog\/wp-content\/uploads\/2024\/04\/8-768x395.jpeg 768w, https:\/\/www.salvatorianas.org.br\/blog\/wp-content\/uploads\/2024\/04\/8-1536x790.jpeg 1536w, https:\/\/www.salvatorianas.org.br\/blog\/wp-content\/uploads\/2024\/04\/8.jpeg 1570w\" sizes=\"(max-width: 1024px) 100vw, 1024px\" \/><\/figure>\n\n\n\n<p><\/p>\n\n\n\n<figure class=\"wp-block-image size-large\"><img decoding=\"async\" loading=\"lazy\" width=\"1024\" height=\"771\" src=\"https:\/\/www.salvatorianas.org.br\/blog\/wp-content\/uploads\/2024\/04\/9-1024x771.jpeg\" alt=\"\" class=\"wp-image-21899\" srcset=\"https:\/\/www.salvatorianas.org.br\/blog\/wp-content\/uploads\/2024\/04\/9-1024x771.jpeg 1024w, https:\/\/www.salvatorianas.org.br\/blog\/wp-content\/uploads\/2024\/04\/9-300x226.jpeg 300w, https:\/\/www.salvatorianas.org.br\/blog\/wp-content\/uploads\/2024\/04\/9-768x578.jpeg 768w, https:\/\/www.salvatorianas.org.br\/blog\/wp-content\/uploads\/2024\/04\/9.jpeg 1032w\" sizes=\"(max-width: 1024px) 100vw, 1024px\" \/><\/figure>\n\n\n\n<p><\/p>\n\n\n\n<figure class=\"wp-block-image size-full\"><img decoding=\"async\" loading=\"lazy\" width=\"865\" height=\"980\" src=\"https:\/\/www.salvatorianas.org.br\/blog\/wp-content\/uploads\/2024\/04\/10.jpeg\" alt=\"\" class=\"wp-image-21900\" srcset=\"https:\/\/www.salvatorianas.org.br\/blog\/wp-content\/uploads\/2024\/04\/10.jpeg 865w, https:\/\/www.salvatorianas.org.br\/blog\/wp-content\/uploads\/2024\/04\/10-265x300.jpeg 265w, https:\/\/www.salvatorianas.org.br\/blog\/wp-content\/uploads\/2024\/04\/10-768x870.jpeg 768w\" sizes=\"(max-width: 865px) 100vw, 865px\" \/><\/figure>\n\n\n\n<p><\/p>\n\n\n\n<figure class=\"wp-block-image size-large\"><img decoding=\"async\" loading=\"lazy\" width=\"735\" height=\"1024\" src=\"https:\/\/www.salvatorianas.org.br\/blog\/wp-content\/uploads\/2024\/04\/11-735x1024.jpeg\" alt=\"\" class=\"wp-image-21901\" srcset=\"https:\/\/www.salvatorianas.org.br\/blog\/wp-content\/uploads\/2024\/04\/11-735x1024.jpeg 735w, https:\/\/www.salvatorianas.org.br\/blog\/wp-content\/uploads\/2024\/04\/11-215x300.jpeg 215w, https:\/\/www.salvatorianas.org.br\/blog\/wp-content\/uploads\/2024\/04\/11-768x1070.jpeg 768w, https:\/\/www.salvatorianas.org.br\/blog\/wp-content\/uploads\/2024\/04\/11.jpeg 815w\" sizes=\"(max-width: 735px) 100vw, 735px\" \/><\/figure>\n","protected":false},"excerpt":{"rendered":"<p>Nos dias 10 e 11 de abril, reuniram-se irm\u00e3s das diversas comunidades da Prov\u00edncia Santa Catarina, em Lages\/SC para um encontro de reflex\u00e3o e partilha sobre o Protocolo \u201cToler\u00e2ncia Zero\u201d e encaminhamentos para&#8230;<\/p>\n","protected":false},"author":2,"featured_media":21892,"comment_status":"open","ping_status":"open","sticky":false,"template":"","format":"standard","meta":[],"categories":[1],"tags":[],"_links":{"self":[{"href":"https:\/\/www.salvatorianas.org.br\/blog\/wp-json\/wp\/v2\/posts\/21891"}],"collection":[{"href":"https:\/\/www.salvatorianas.org.br\/blog\/wp-json\/wp\/v2\/posts"}],"about":[{"href":"https:\/\/www.salvatorianas.org.br\/blog\/wp-json\/wp\/v2\/types\/post"}],"author":[{"embeddable":true,"href":"https:\/\/www.salvatorianas.org.br\/blog\/wp-json\/wp\/v2\/users\/2"}],"replies":[{"embeddable":true,"href":"https:\/\/www.salvatorianas.org.br\/blog\/wp-json\/wp\/v2\/comments?post=21891"}],"version-history":[{"count":2,"href":"https:\/\/www.salvatorianas.org.br\/blog\/wp-json\/wp\/v2\/posts\/21891\/revisions"}],"predecessor-version":[{"id":21903,"href":"https:\/\/www.salvatorianas.org.br\/blog\/wp-json\/wp\/v2\/posts\/21891\/revisions\/21903"}],"wp:featuredmedia":[{"embeddable":true,"href":"https:\/\/www.salvatorianas.org.br\/blog\/wp-json\/wp\/v2\/media\/21892"}],"wp:attachment":[{"href":"https:\/\/www.salvatorianas.org.br\/blog\/wp-json\/wp\/v2\/media?parent=21891"}],"wp:term":[{"taxonomy":"category","embeddable":true,"href":"https:\/\/www.salvatorianas.org.br\/blog\/wp-json\/wp\/v2\/categories?post=21891"},{"taxonomy":"post_tag","embeddable":true,"href":"https:\/\/www.salvatorianas.org.br\/blog\/wp-json\/wp\/v2\/tags?post=21891"}],"curies":[{"name":"wp","href":"https:\/\/api.w.org\/{rel}","templated":true}]}}