{"id":21887,"date":"2024-04-01T10:17:00","date_gmt":"2024-04-01T10:17:00","guid":{"rendered":"https:\/\/www.salvatorianas.org.br\/blog\/?p=21887"},"modified":"2024-03-28T14:21:25","modified_gmt":"2024-03-28T14:21:25","slug":"intencoes-de-oracao-do-papa-francisco-para-2024-3","status":"publish","type":"post","link":"https:\/\/www.salvatorianas.org.br\/blog\/intencoes-de-oracao-do-papa-francisco-para-2024-3\/","title":{"rendered":"Inten\u00e7\u00f5es de Ora\u00e7\u00e3o do Papa Francisco para 2024"},"content":{"rendered":"\n<p>abril &#8211; Rezemos pelo papel das mulheres<\/p>\n","protected":false},"excerpt":{"rendered":"<p>abril &#8211; Rezemos pelo papel das mulheres<\/p>\n","protected":false},"author":2,"featured_media":21888,"comment_status":"open","ping_status":"open","sticky":false,"template":"","format":"standard","meta":[],"categories":[1],"tags":[],"_links":{"self":[{"href":"https:\/\/www.salvatorianas.org.br\/blog\/wp-json\/wp\/v2\/posts\/21887"}],"collection":[{"href":"https:\/\/www.salvatorianas.org.br\/blog\/wp-json\/wp\/v2\/posts"}],"about":[{"href":"https:\/\/www.salvatorianas.org.br\/blog\/wp-json\/wp\/v2\/types\/post"}],"author":[{"embeddable":true,"href":"https:\/\/www.salvatorianas.org.br\/blog\/wp-json\/wp\/v2\/users\/2"}],"replies":[{"embeddable":true,"href":"https:\/\/www.salvatorianas.org.br\/blog\/wp-json\/wp\/v2\/comments?post=21887"}],"version-history":[{"count":1,"href":"https:\/\/www.salvatorianas.org.br\/blog\/wp-json\/wp\/v2\/posts\/21887\/revisions"}],"predecessor-version":[{"id":21889,"href":"https:\/\/www.salvatorianas.org.br\/blog\/wp-json\/wp\/v2\/posts\/21887\/revisions\/21889"}],"wp:featuredmedia":[{"embeddable":true,"href":"https:\/\/www.salvatorianas.org.br\/blog\/wp-json\/wp\/v2\/media\/21888"}],"wp:attachment":[{"href":"https:\/\/www.salvatorianas.org.br\/blog\/wp-json\/wp\/v2\/media?parent=21887"}],"wp:term":[{"taxonomy":"category","embeddable":true,"href":"https:\/\/www.salvatorianas.org.br\/blog\/wp-json\/wp\/v2\/categories?post=21887"},{"taxonomy":"post_tag","embeddable":true,"href":"https:\/\/www.salvatorianas.org.br\/blog\/wp-json\/wp\/v2\/tags?post=21887"}],"curies":[{"name":"wp","href":"https:\/\/api.w.org\/{rel}","templated":true}]}}