{"id":21855,"date":"2024-03-22T14:11:06","date_gmt":"2024-03-22T14:11:06","guid":{"rendered":"https:\/\/www.salvatorianas.org.br\/blog\/?p=21855"},"modified":"2024-03-22T14:11:07","modified_gmt":"2024-03-22T14:11:07","slug":"encontro-das-liderancas-das-comunidades-de-assistencia","status":"publish","type":"post","link":"https:\/\/www.salvatorianas.org.br\/blog\/encontro-das-liderancas-das-comunidades-de-assistencia\/","title":{"rendered":"Encontro das Lideran\u00e7as das comunidades de Assist\u00eancia"},"content":{"rendered":"\n<p><em>Cuidando de quem cuida<\/em><\/p>\n\n\n\n<p>O Encontro Interprovincial das Lideran\u00e7as das comunidades de assist\u00eancia ocorreu na Sede Provincial nos dias 20 e 21 de mar\u00e7o, com a participa\u00e7\u00e3o de Irm\u00e3s das Prov\u00edncias de Santa Catarina e S\u00e3o Paulo. <\/p>\n\n\n\n<p>Durante o evento, foram promovidos momentos de Escuta e Partilha, nos quais foram compartilhadas experi\u00eancias e metas relacionadas ao cuidado e lideran\u00e7a. Estes momentos foram marcados por alegrias, aprendizados e desafios, visando aprimorar e otimizar o cuidado.<\/p>\n\n\n\n<p>Os objetivos estabelecidos para o encontro foram plenamente alcan\u00e7ados.<\/p>\n\n\n\n<figure class=\"wp-block-image size-large\"><img decoding=\"async\" loading=\"lazy\" width=\"1024\" height=\"768\" src=\"https:\/\/www.salvatorianas.org.br\/blog\/wp-content\/uploads\/2024\/03\/IMG-20240322-WA0033-1024x768.jpg\" alt=\"\" class=\"wp-image-21866\" srcset=\"https:\/\/www.salvatorianas.org.br\/blog\/wp-content\/uploads\/2024\/03\/IMG-20240322-WA0033-1024x768.jpg 1024w, https:\/\/www.salvatorianas.org.br\/blog\/wp-content\/uploads\/2024\/03\/IMG-20240322-WA0033-300x225.jpg 300w, https:\/\/www.salvatorianas.org.br\/blog\/wp-content\/uploads\/2024\/03\/IMG-20240322-WA0033-768x576.jpg 768w, https:\/\/www.salvatorianas.org.br\/blog\/wp-content\/uploads\/2024\/03\/IMG-20240322-WA0033-1536x1152.jpg 1536w, https:\/\/www.salvatorianas.org.br\/blog\/wp-content\/uploads\/2024\/03\/IMG-20240322-WA0033.jpg 1600w\" sizes=\"(max-width: 1024px) 100vw, 1024px\" \/><\/figure>\n\n\n\n<figure class=\"wp-block-gallery has-nested-images columns-default is-cropped wp-block-gallery-1 is-layout-flex\">\n<figure class=\"wp-block-image size-large\"><img decoding=\"async\" loading=\"lazy\" width=\"1024\" height=\"768\" data-id=\"21867\"  src=\"https:\/\/www.salvatorianas.org.br\/blog\/wp-content\/uploads\/2024\/03\/IMG-20240322-WA0023-1-1024x768.jpg\" alt=\"\" class=\"wp-image-21867\" srcset=\"https:\/\/www.salvatorianas.org.br\/blog\/wp-content\/uploads\/2024\/03\/IMG-20240322-WA0023-1-1024x768.jpg 1024w, https:\/\/www.salvatorianas.org.br\/blog\/wp-content\/uploads\/2024\/03\/IMG-20240322-WA0023-1-300x225.jpg 300w, https:\/\/www.salvatorianas.org.br\/blog\/wp-content\/uploads\/2024\/03\/IMG-20240322-WA0023-1-768x576.jpg 768w, https:\/\/www.salvatorianas.org.br\/blog\/wp-content\/uploads\/2024\/03\/IMG-20240322-WA0023-1.jpg 1280w\" sizes=\"(max-width: 1024px) 100vw, 1024px\" \/><\/figure>\n\n\n\n<figure class=\"wp-block-image size-large\"><img decoding=\"async\" loading=\"lazy\" width=\"768\" height=\"1024\" data-id=\"21871\"  src=\"https:\/\/www.salvatorianas.org.br\/blog\/wp-content\/uploads\/2024\/03\/IMG-20240322-WA0024-1-768x1024.jpg\" alt=\"\" class=\"wp-image-21871\" srcset=\"https:\/\/www.salvatorianas.org.br\/blog\/wp-content\/uploads\/2024\/03\/IMG-20240322-WA0024-1-768x1024.jpg 768w, https:\/\/www.salvatorianas.org.br\/blog\/wp-content\/uploads\/2024\/03\/IMG-20240322-WA0024-1-225x300.jpg 225w, https:\/\/www.salvatorianas.org.br\/blog\/wp-content\/uploads\/2024\/03\/IMG-20240322-WA0024-1.jpg 960w\" sizes=\"(max-width: 768px) 100vw, 768px\" \/><\/figure>\n\n\n\n<figure class=\"wp-block-image size-large\"><img decoding=\"async\" loading=\"lazy\" width=\"1024\" height=\"768\" data-id=\"21868\"  src=\"https:\/\/www.salvatorianas.org.br\/blog\/wp-content\/uploads\/2024\/03\/IMG-20240322-WA0025-1-1024x768.jpg\" alt=\"\" class=\"wp-image-21868\" srcset=\"https:\/\/www.salvatorianas.org.br\/blog\/wp-content\/uploads\/2024\/03\/IMG-20240322-WA0025-1-1024x768.jpg 1024w, https:\/\/www.salvatorianas.org.br\/blog\/wp-content\/uploads\/2024\/03\/IMG-20240322-WA0025-1-300x225.jpg 300w, https:\/\/www.salvatorianas.org.br\/blog\/wp-content\/uploads\/2024\/03\/IMG-20240322-WA0025-1-768x576.jpg 768w, https:\/\/www.salvatorianas.org.br\/blog\/wp-content\/uploads\/2024\/03\/IMG-20240322-WA0025-1.jpg 1280w\" sizes=\"(max-width: 1024px) 100vw, 1024px\" \/><\/figure>\n\n\n\n<figure class=\"wp-block-image size-large\"><img decoding=\"async\" loading=\"lazy\" width=\"1024\" height=\"768\" data-id=\"21872\"  src=\"https:\/\/www.salvatorianas.org.br\/blog\/wp-content\/uploads\/2024\/03\/IMG-20240322-WA0026-1-1024x768.jpg\" alt=\"\" class=\"wp-image-21872\" srcset=\"https:\/\/www.salvatorianas.org.br\/blog\/wp-content\/uploads\/2024\/03\/IMG-20240322-WA0026-1-1024x768.jpg 1024w, https:\/\/www.salvatorianas.org.br\/blog\/wp-content\/uploads\/2024\/03\/IMG-20240322-WA0026-1-300x225.jpg 300w, https:\/\/www.salvatorianas.org.br\/blog\/wp-content\/uploads\/2024\/03\/IMG-20240322-WA0026-1-768x576.jpg 768w, https:\/\/www.salvatorianas.org.br\/blog\/wp-content\/uploads\/2024\/03\/IMG-20240322-WA0026-1.jpg 1280w\" sizes=\"(max-width: 1024px) 100vw, 1024px\" \/><\/figure>\n\n\n\n<figure class=\"wp-block-image size-large\"><img decoding=\"async\" loading=\"lazy\" width=\"768\" height=\"1024\" data-id=\"21869\"  src=\"https:\/\/www.salvatorianas.org.br\/blog\/wp-content\/uploads\/2024\/03\/IMG-20240322-WA0027-1-768x1024.jpg\" alt=\"\" class=\"wp-image-21869\" srcset=\"https:\/\/www.salvatorianas.org.br\/blog\/wp-content\/uploads\/2024\/03\/IMG-20240322-WA0027-1-768x1024.jpg 768w, https:\/\/www.salvatorianas.org.br\/blog\/wp-content\/uploads\/2024\/03\/IMG-20240322-WA0027-1-225x300.jpg 225w, https:\/\/www.salvatorianas.org.br\/blog\/wp-content\/uploads\/2024\/03\/IMG-20240322-WA0027-1.jpg 960w\" sizes=\"(max-width: 768px) 100vw, 768px\" \/><\/figure>\n\n\n\n<figure class=\"wp-block-image size-large\"><img decoding=\"async\" loading=\"lazy\" width=\"768\" height=\"1024\" data-id=\"21870\"  src=\"https:\/\/www.salvatorianas.org.br\/blog\/wp-content\/uploads\/2024\/03\/IMG-20240322-WA0028-1-768x1024.jpg\" alt=\"\" class=\"wp-image-21870\" srcset=\"https:\/\/www.salvatorianas.org.br\/blog\/wp-content\/uploads\/2024\/03\/IMG-20240322-WA0028-1-768x1024.jpg 768w, https:\/\/www.salvatorianas.org.br\/blog\/wp-content\/uploads\/2024\/03\/IMG-20240322-WA0028-1-225x300.jpg 225w, https:\/\/www.salvatorianas.org.br\/blog\/wp-content\/uploads\/2024\/03\/IMG-20240322-WA0028-1.jpg 960w\" sizes=\"(max-width: 768px) 100vw, 768px\" \/><\/figure>\n<\/figure>\n\n\n\n<figure class=\"wp-block-image size-large\"><img decoding=\"async\" loading=\"lazy\" width=\"768\" height=\"1024\" src=\"https:\/\/www.salvatorianas.org.br\/blog\/wp-content\/uploads\/2024\/03\/IMG-20240322-WA0030-1-768x1024.jpg\" alt=\"\" class=\"wp-image-21873\" srcset=\"https:\/\/www.salvatorianas.org.br\/blog\/wp-content\/uploads\/2024\/03\/IMG-20240322-WA0030-1-768x1024.jpg 768w, https:\/\/www.salvatorianas.org.br\/blog\/wp-content\/uploads\/2024\/03\/IMG-20240322-WA0030-1-225x300.jpg 225w, https:\/\/www.salvatorianas.org.br\/blog\/wp-content\/uploads\/2024\/03\/IMG-20240322-WA0030-1.jpg 960w\" sizes=\"(max-width: 768px) 100vw, 768px\" \/><\/figure>\n\n\n\n<figure class=\"wp-block-image size-large\"><img decoding=\"async\" loading=\"lazy\" width=\"768\" height=\"1024\" src=\"https:\/\/www.salvatorianas.org.br\/blog\/wp-content\/uploads\/2024\/03\/IMG-20240322-WA0032-1-768x1024.jpg\" alt=\"\" class=\"wp-image-21875\" srcset=\"https:\/\/www.salvatorianas.org.br\/blog\/wp-content\/uploads\/2024\/03\/IMG-20240322-WA0032-1-768x1024.jpg 768w, https:\/\/www.salvatorianas.org.br\/blog\/wp-content\/uploads\/2024\/03\/IMG-20240322-WA0032-1-225x300.jpg 225w, https:\/\/www.salvatorianas.org.br\/blog\/wp-content\/uploads\/2024\/03\/IMG-20240322-WA0032-1-1152x1536.jpg 1152w, https:\/\/www.salvatorianas.org.br\/blog\/wp-content\/uploads\/2024\/03\/IMG-20240322-WA0032-1.jpg 1200w\" sizes=\"(max-width: 768px) 100vw, 768px\" \/><\/figure>\n\n\n\n<figure class=\"wp-block-image size-large\"><img decoding=\"async\" loading=\"lazy\" width=\"768\" height=\"1024\" src=\"https:\/\/www.salvatorianas.org.br\/blog\/wp-content\/uploads\/2024\/03\/IMG-20240322-WA0036-768x1024.jpg\" alt=\"\" class=\"wp-image-21876\" srcset=\"https:\/\/www.salvatorianas.org.br\/blog\/wp-content\/uploads\/2024\/03\/IMG-20240322-WA0036-768x1024.jpg 768w, https:\/\/www.salvatorianas.org.br\/blog\/wp-content\/uploads\/2024\/03\/IMG-20240322-WA0036-225x300.jpg 225w, https:\/\/www.salvatorianas.org.br\/blog\/wp-content\/uploads\/2024\/03\/IMG-20240322-WA0036-1152x1536.jpg 1152w, https:\/\/www.salvatorianas.org.br\/blog\/wp-content\/uploads\/2024\/03\/IMG-20240322-WA0036.jpg 1200w\" sizes=\"(max-width: 768px) 100vw, 768px\" \/><\/figure>\n\n\n\n<figure class=\"wp-block-image size-large\"><img decoding=\"async\" loading=\"lazy\" width=\"1024\" height=\"768\" src=\"https:\/\/www.salvatorianas.org.br\/blog\/wp-content\/uploads\/2024\/03\/IMG-20240322-WA0033-1-1024x768.jpg\" alt=\"\" class=\"wp-image-21877\" srcset=\"https:\/\/www.salvatorianas.org.br\/blog\/wp-content\/uploads\/2024\/03\/IMG-20240322-WA0033-1-1024x768.jpg 1024w, https:\/\/www.salvatorianas.org.br\/blog\/wp-content\/uploads\/2024\/03\/IMG-20240322-WA0033-1-300x225.jpg 300w, https:\/\/www.salvatorianas.org.br\/blog\/wp-content\/uploads\/2024\/03\/IMG-20240322-WA0033-1-768x576.jpg 768w, https:\/\/www.salvatorianas.org.br\/blog\/wp-content\/uploads\/2024\/03\/IMG-20240322-WA0033-1-1536x1152.jpg 1536w, https:\/\/www.salvatorianas.org.br\/blog\/wp-content\/uploads\/2024\/03\/IMG-20240322-WA0033-1.jpg 1600w\" sizes=\"(max-width: 1024px) 100vw, 1024px\" \/><\/figure>\n","protected":false},"excerpt":{"rendered":"<p>Cuidando de quem cuida O Encontro Interprovincial das Lideran\u00e7as das comunidades de assist\u00eancia ocorreu na Sede Provincial nos dias 20 e 21 de mar\u00e7o, com a participa\u00e7\u00e3o de Irm\u00e3s das Prov\u00edncias de Santa&#8230;<\/p>\n","protected":false},"author":2,"featured_media":21878,"comment_status":"open","ping_status":"open","sticky":false,"template":"","format":"standard","meta":[],"categories":[1],"tags":[],"_links":{"self":[{"href":"https:\/\/www.salvatorianas.org.br\/blog\/wp-json\/wp\/v2\/posts\/21855"}],"collection":[{"href":"https:\/\/www.salvatorianas.org.br\/blog\/wp-json\/wp\/v2\/posts"}],"about":[{"href":"https:\/\/www.salvatorianas.org.br\/blog\/wp-json\/wp\/v2\/types\/post"}],"author":[{"embeddable":true,"href":"https:\/\/www.salvatorianas.org.br\/blog\/wp-json\/wp\/v2\/users\/2"}],"replies":[{"embeddable":true,"href":"https:\/\/www.salvatorianas.org.br\/blog\/wp-json\/wp\/v2\/comments?post=21855"}],"version-history":[{"count":1,"href":"https:\/\/www.salvatorianas.org.br\/blog\/wp-json\/wp\/v2\/posts\/21855\/revisions"}],"predecessor-version":[{"id":21879,"href":"https:\/\/www.salvatorianas.org.br\/blog\/wp-json\/wp\/v2\/posts\/21855\/revisions\/21879"}],"wp:featuredmedia":[{"embeddable":true,"href":"https:\/\/www.salvatorianas.org.br\/blog\/wp-json\/wp\/v2\/media\/21878"}],"wp:attachment":[{"href":"https:\/\/www.salvatorianas.org.br\/blog\/wp-json\/wp\/v2\/media?parent=21855"}],"wp:term":[{"taxonomy":"category","embeddable":true,"href":"https:\/\/www.salvatorianas.org.br\/blog\/wp-json\/wp\/v2\/categories?post=21855"},{"taxonomy":"post_tag","embeddable":true,"href":"https:\/\/www.salvatorianas.org.br\/blog\/wp-json\/wp\/v2\/tags?post=21855"}],"curies":[{"name":"wp","href":"https:\/\/api.w.org\/{rel}","templated":true}]}}