{"id":21848,"date":"2024-03-21T17:16:52","date_gmt":"2024-03-21T17:16:52","guid":{"rendered":"https:\/\/www.salvatorianas.org.br\/blog\/?p=21848"},"modified":"2024-03-21T17:17:21","modified_gmt":"2024-03-21T17:17:21","slug":"gratidao-a-vida","status":"publish","type":"post","link":"https:\/\/www.salvatorianas.org.br\/blog\/gratidao-a-vida\/","title":{"rendered":"Gratid\u00e3o \u00e0 Vida"},"content":{"rendered":"\n<p><strong>\u00a0<\/strong>Estimados Padre Itacir Brassiani e Padres Mission\u00e1rios da Sagrada Fam\u00edlia\/Prov\u00edncia de Passo Fundo\/RS.<\/p>\n\n\n\n<p>Manifestamos nossa profunda solidariedade, comunh\u00e3o, ora\u00e7\u00f5es e sintonia com cada um de voc\u00eas, com a Prov\u00edncia e Congrega\u00e7\u00e3o como um todo, pelo falecimento, nesta manh\u00e3, do Pe. J\u00falio C\u00e9sar Werlang, conselheiro geral da congrega\u00e7\u00e3o.<\/p>\n\n\n\n<p>&nbsp;Em esperan\u00e7osa confian\u00e7a, cremos que o legado que Pe. J\u00falio C\u00e9sar deixa e seu testemunho da bondosa&nbsp; miseric\u00f3rdia, presen\u00e7a, amor e solicitude \u00e0 vida, ao Minist\u00e9rio sacerdotal e a servi\u00e7o da Congrega\u00e7\u00e3o, lhe ser\u00e1 computado junto ao seio da Sagrada Fam\u00edlia que o acolhe definitivamente neste dia. &nbsp;<\/p>\n\n\n\n<p>Imensa <strong>GRATID\u00c3O<em> ao Pe.<\/em><\/strong> <strong><em>J\u00falio C\u00e9sar<\/em><\/strong>, por sua vida e testemunho sacerdotal. &nbsp;Tenha de Deus o descanso eterno em sua companhia.<\/p>\n","protected":false},"excerpt":{"rendered":"<p>\u00a0Estimados Padre Itacir Brassiani e Padres Mission\u00e1rios da Sagrada Fam\u00edlia\/Prov\u00edncia de Passo Fundo\/RS. Manifestamos nossa profunda solidariedade, comunh\u00e3o, ora\u00e7\u00f5es e sintonia com cada um de voc\u00eas, com a Prov\u00edncia e Congrega\u00e7\u00e3o como um&#8230;<\/p>\n","protected":false},"author":2,"featured_media":21849,"comment_status":"open","ping_status":"open","sticky":false,"template":"","format":"standard","meta":[],"categories":[1],"tags":[],"_links":{"self":[{"href":"https:\/\/www.salvatorianas.org.br\/blog\/wp-json\/wp\/v2\/posts\/21848"}],"collection":[{"href":"https:\/\/www.salvatorianas.org.br\/blog\/wp-json\/wp\/v2\/posts"}],"about":[{"href":"https:\/\/www.salvatorianas.org.br\/blog\/wp-json\/wp\/v2\/types\/post"}],"author":[{"embeddable":true,"href":"https:\/\/www.salvatorianas.org.br\/blog\/wp-json\/wp\/v2\/users\/2"}],"replies":[{"embeddable":true,"href":"https:\/\/www.salvatorianas.org.br\/blog\/wp-json\/wp\/v2\/comments?post=21848"}],"version-history":[{"count":2,"href":"https:\/\/www.salvatorianas.org.br\/blog\/wp-json\/wp\/v2\/posts\/21848\/revisions"}],"predecessor-version":[{"id":21851,"href":"https:\/\/www.salvatorianas.org.br\/blog\/wp-json\/wp\/v2\/posts\/21848\/revisions\/21851"}],"wp:featuredmedia":[{"embeddable":true,"href":"https:\/\/www.salvatorianas.org.br\/blog\/wp-json\/wp\/v2\/media\/21849"}],"wp:attachment":[{"href":"https:\/\/www.salvatorianas.org.br\/blog\/wp-json\/wp\/v2\/media?parent=21848"}],"wp:term":[{"taxonomy":"category","embeddable":true,"href":"https:\/\/www.salvatorianas.org.br\/blog\/wp-json\/wp\/v2\/categories?post=21848"},{"taxonomy":"post_tag","embeddable":true,"href":"https:\/\/www.salvatorianas.org.br\/blog\/wp-json\/wp\/v2\/tags?post=21848"}],"curies":[{"name":"wp","href":"https:\/\/api.w.org\/{rel}","templated":true}]}}