{"id":2183,"date":"2015-05-22T00:00:00","date_gmt":"2015-05-22T00:00:00","guid":{"rendered":"https:\/\/www.salvatorianas.org.br\/blog\/5-dia-de-oracao-pela-unidade-dos-cristaos\/"},"modified":"2015-05-22T00:00:00","modified_gmt":"2015-05-22T00:00:00","slug":"5-dia-de-oracao-pela-unidade-dos-cristaos","status":"publish","type":"post","link":"https:\/\/www.salvatorianas.org.br\/blog\/5-dia-de-oracao-pela-unidade-dos-cristaos\/","title":{"rendered":"5\u00ba dia de ora\u00e7\u00e3o pela unidade dos crist\u00e3os"},"content":{"rendered":"<h5><strong>[imagem1]<\/strong><\/h5>\n<h3 style=\"text-align: justify;\">Tu n&atilde;o tens sequer um balde e o po&ccedil;o &eacute; profundo (Jo&atilde;o 4,11)<\/h3>\n<p style=\"text-align: justify;\">Jesus precisava de ajuda. Depois de uma longa caminhada, vem o cansa&ccedil;o. Exausto, exposto ao calor do meio dia, ele sente fome e sede. (Jo 4,6). Al&eacute;m disso, Jesus &eacute; um estrangeiro; &eacute; ele que est&aacute; num territ&oacute;rio estrangeiro e o po&ccedil;o pertence ao povo da mulher. Jesus tem sede e, como diz a mulher samaritana, n&atilde;o tem balde para recolher a &aacute;gua. Ele precisa de &aacute;gua, ele precisa de ajuda: todos precisam de ajuda!<\/p>\n<p style=\"text-align: justify;\">Muitos crist&atilde;os acreditam que somente eles t&ecirc;m todas as respostas e que n&atilde;o precisam da ajuda de ningu&eacute;m. Perdemos muito quando mantemos essa perspectiva. Nenhum de n&oacute;s pode chegar &agrave;s profundezas do po&ccedil;o do divino e ainda assim a f&eacute; nos pede que nos aprofundemos no mist&eacute;rio. N&atilde;o podemos fazer isso isoladamente. Precisamos da ajuda de nossos irm&atilde;os e irm&atilde;s em Cristo. S&oacute; assim poderemos mergulhar na profundidade do mist&eacute;rio de Deus.<\/p>\n<p style=\"text-align: justify;\">Um ponto comum em nossa&nbsp; f&eacute;, independentemente da Igreja a que pertencemos, &eacute; que Deus &eacute; um mist&eacute;rio al&eacute;m da nossa compreens&atilde;o. A busca da unidade crist&atilde; nos leva ao reconhecimento de que nenhuma comunidade tem todos os meios de mergulhar nas &aacute;guas profundas do divino. Precisamos de &aacute;gua, precisamos de ajuda: todos precisam de ajuda! Quanto mais crescermos na unidade, partilharmos nossos baldes e unirmos as partes de nossas cordas, mais profundamente mergulharemos no po&ccedil;o do divino.<\/p>\n<p style=\"text-align: justify;\">A tradi&ccedil;&atilde;o ind&iacute;gena brasileira nos ensina a aprender com a sabedoria dos mais velhos e, ao mesmo tempo, com a curiosidade e a inoc&ecirc;ncia das crian&ccedil;as. Quando estamos prontos para aceitar que realmente precisamos uns dos outros, nos tornamos como crian&ccedil;as, abertos para aprender. E &eacute; assim que o Reino de Deus se abre para n&oacute;s (Mt 18,3). Precisamos fazer como Jesus fez. Precisamos tomar a iniciativa de entrar numa terra estrangeira, onde nos tornamos estrangeiros, e cultivar o desejo de aprender com o que &eacute; diferente.<\/p>\n<p style=\"text-align: justify;\">&nbsp;<\/p>\n<p style=\"text-align: justify;\"><strong>Quest&otilde;es para reflex&atilde;o:<\/strong><\/p>\n<ol style=\"text-align: justify;\">\n<li>Voc&ecirc; se lembra de situa&ccedil;&otilde;es em que sua Igreja tenha ajudado outra Igreja ou tenha sido ajudada por outra Igreja?<\/li>\n<\/ol>\n<ol style=\"text-align: justify;\" start=\"2\">\n<li>H&aacute; reservas por parte da sua Igreja em aceitar ajuda de outra Igreja? Como isso pode ser superado?<\/li>\n<\/ol>\n<p style=\"text-align: justify;\">&nbsp;<\/p>\n<p style=\"text-align: center;\"><strong>Ora&ccedil;&atilde;o<\/strong><\/p>\n<p style=\"text-align: center;\">&nbsp;<\/p>\n<p style=\"text-align: center;\">Deus, fonte da &aacute;gua viva,<\/p>\n<p style=\"text-align: center;\">ajuda-nos a entender que, quanto mais unirmos as partes de nossas cordas,<\/p>\n<p style=\"text-align: center;\">mais profundamente nossos baldes chegar&atilde;o at&eacute; tuas divinas &aacute;guas!<\/p>\n<p style=\"text-align: center;\">Desperta-nos para a verdade de que os dons do outro<\/p>\n<p style=\"text-align: center;\">s&atilde;o uma express&atilde;o do teu indefin&iacute;vel mist&eacute;rio.<\/p>\n<p style=\"text-align: center;\">E faze-nos sentar juntos &agrave; beira do po&ccedil;o<\/p>\n<p style=\"text-align: center;\">para beber da tua &aacute;gua,<\/p>\n<p style=\"text-align: center;\">que nos re&uacute;ne em unidade e paz.<\/p>\n<p style=\"text-align: center;\">Isso te pedimos em nome de teu Filho Jesus Cristo,<\/p>\n<p style=\"text-align: center;\">que pediu &agrave; mulher samaritana que lhe desse &aacute;gua para a sua sede.<\/p>\n<p style=\"text-align: center;\">Am&eacute;m.<\/p>\n<p style=\"text-align: center;\">&nbsp;<\/p>\n<p style=\"text-align: justify;\"><strong>Fonte:<\/strong>&nbsp;Pontif&iacute;cio Conselho para a Promo&ccedil;&atilde;o da Unidade dos Crist&atilde;os e&nbsp;Comiss&atilde;o F&eacute; e Constitui&ccedil;&atilde;o do Conselho Mundial de Igrejas.<\/p>\n","protected":false},"excerpt":{"rendered":"<p>[imagem1] Tu n&atilde;o tens sequer um balde e o po&ccedil;o &eacute; profundo (Jo&atilde;o 4,11) Jesus precisava de ajuda. Depois de uma longa caminhada, vem o cansa&ccedil;o. Exausto, exposto ao calor do meio dia,&#8230;<\/p>\n","protected":false},"author":1,"featured_media":2339,"comment_status":"open","ping_status":"open","sticky":false,"template":"","format":"standard","meta":[],"categories":[1],"tags":[],"_links":{"self":[{"href":"https:\/\/www.salvatorianas.org.br\/blog\/wp-json\/wp\/v2\/posts\/2183"}],"collection":[{"href":"https:\/\/www.salvatorianas.org.br\/blog\/wp-json\/wp\/v2\/posts"}],"about":[{"href":"https:\/\/www.salvatorianas.org.br\/blog\/wp-json\/wp\/v2\/types\/post"}],"author":[{"embeddable":true,"href":"https:\/\/www.salvatorianas.org.br\/blog\/wp-json\/wp\/v2\/users\/1"}],"replies":[{"embeddable":true,"href":"https:\/\/www.salvatorianas.org.br\/blog\/wp-json\/wp\/v2\/comments?post=2183"}],"version-history":[{"count":0,"href":"https:\/\/www.salvatorianas.org.br\/blog\/wp-json\/wp\/v2\/posts\/2183\/revisions"}],"wp:featuredmedia":[{"embeddable":true,"href":"https:\/\/www.salvatorianas.org.br\/blog\/wp-json\/wp\/v2\/media\/2339"}],"wp:attachment":[{"href":"https:\/\/www.salvatorianas.org.br\/blog\/wp-json\/wp\/v2\/media?parent=2183"}],"wp:term":[{"taxonomy":"category","embeddable":true,"href":"https:\/\/www.salvatorianas.org.br\/blog\/wp-json\/wp\/v2\/categories?post=2183"},{"taxonomy":"post_tag","embeddable":true,"href":"https:\/\/www.salvatorianas.org.br\/blog\/wp-json\/wp\/v2\/tags?post=2183"}],"curies":[{"name":"wp","href":"https:\/\/api.w.org\/{rel}","templated":true}]}}