{"id":21824,"date":"2024-03-11T20:57:57","date_gmt":"2024-03-11T20:57:57","guid":{"rendered":"https:\/\/www.salvatorianas.org.br\/blog\/?p=21824"},"modified":"2024-03-11T20:57:58","modified_gmt":"2024-03-11T20:57:58","slug":"coracao-agradecido","status":"publish","type":"post","link":"https:\/\/www.salvatorianas.org.br\/blog\/coracao-agradecido\/","title":{"rendered":"Cora\u00e7\u00e3o agradecido"},"content":{"rendered":"\n<p><\/p>\n\n\n\n<p>Celebrar 50 (Ir. Terezinha Pala) e 65 (Ir. La\u00edde Evanir Brugali) anos de Vida Consagrada, \u00e9 \u201cgra\u00e7a de Deus sobre gra\u00e7a\u201d. Os anos passaram velozmente. Deus tinha um plano e foi cumprindo na gratuidade no meio a tanta diversidade, mas a leveza e o cultivo do jardim interior fez-nos \u201cencontrar o cora\u00e7\u00e3o de Deus&#8230;Deus \u00e9 inteiramente gratuito&#8230; isto \u00e9 o segredo da vida&#8221; (Carlos M.Martins). A novi\u00e7a Caline Leite Alves, est\u00e1\u00a0 iniciando sua caminhada, um dia chega l\u00e1\u00a0 tamb\u00e9m.\u00a0 Somos gratas a Prov\u00edncia e a nossa Comunidade M\u00e3e dos Oprimidos.<\/p>\n\n\n\n<p><\/p>\n\n\n\n<figure class=\"wp-block-image size-full\"><img decoding=\"async\" loading=\"lazy\" width=\"1020\" height=\"721\" src=\"https:\/\/www.salvatorianas.org.br\/blog\/wp-content\/uploads\/2024\/03\/2.jpeg\" alt=\"\" class=\"wp-image-21826\" srcset=\"https:\/\/www.salvatorianas.org.br\/blog\/wp-content\/uploads\/2024\/03\/2.jpeg 1020w, https:\/\/www.salvatorianas.org.br\/blog\/wp-content\/uploads\/2024\/03\/2-300x212.jpeg 300w, https:\/\/www.salvatorianas.org.br\/blog\/wp-content\/uploads\/2024\/03\/2-768x543.jpeg 768w\" sizes=\"(max-width: 1020px) 100vw, 1020px\" \/><\/figure>\n\n\n\n<p><\/p>\n\n\n\n<figure class=\"wp-block-image size-large\"><img decoding=\"async\" loading=\"lazy\" width=\"1024\" height=\"620\" src=\"https:\/\/www.salvatorianas.org.br\/blog\/wp-content\/uploads\/2024\/03\/3-1024x620.jpeg\" alt=\"\" class=\"wp-image-21827\" srcset=\"https:\/\/www.salvatorianas.org.br\/blog\/wp-content\/uploads\/2024\/03\/3-1024x620.jpeg 1024w, https:\/\/www.salvatorianas.org.br\/blog\/wp-content\/uploads\/2024\/03\/3-300x182.jpeg 300w, https:\/\/www.salvatorianas.org.br\/blog\/wp-content\/uploads\/2024\/03\/3-768x465.jpeg 768w, https:\/\/www.salvatorianas.org.br\/blog\/wp-content\/uploads\/2024\/03\/3-1536x930.jpeg 1536w, https:\/\/www.salvatorianas.org.br\/blog\/wp-content\/uploads\/2024\/03\/3-2048x1240.jpeg 2048w\" sizes=\"(max-width: 1024px) 100vw, 1024px\" \/><\/figure>\n\n\n\n<p><\/p>\n\n\n\n<figure class=\"wp-block-image size-full\"><img decoding=\"async\" loading=\"lazy\" width=\"710\" height=\"724\" src=\"https:\/\/www.salvatorianas.org.br\/blog\/wp-content\/uploads\/2024\/03\/4.jpeg\" alt=\"\" class=\"wp-image-21828\" srcset=\"https:\/\/www.salvatorianas.org.br\/blog\/wp-content\/uploads\/2024\/03\/4.jpeg 710w, https:\/\/www.salvatorianas.org.br\/blog\/wp-content\/uploads\/2024\/03\/4-294x300.jpeg 294w\" sizes=\"(max-width: 710px) 100vw, 710px\" \/><\/figure>\n\n\n\n<p><\/p>\n\n\n\n<figure class=\"wp-block-image size-large\"><img decoding=\"async\" loading=\"lazy\" width=\"1024\" height=\"478\" src=\"https:\/\/www.salvatorianas.org.br\/blog\/wp-content\/uploads\/2024\/03\/5-1024x478.jpeg\" alt=\"\" class=\"wp-image-21829\" srcset=\"https:\/\/www.salvatorianas.org.br\/blog\/wp-content\/uploads\/2024\/03\/5-1024x478.jpeg 1024w, https:\/\/www.salvatorianas.org.br\/blog\/wp-content\/uploads\/2024\/03\/5-300x140.jpeg 300w, https:\/\/www.salvatorianas.org.br\/blog\/wp-content\/uploads\/2024\/03\/5-768x358.jpeg 768w, https:\/\/www.salvatorianas.org.br\/blog\/wp-content\/uploads\/2024\/03\/5-1536x717.jpeg 1536w, https:\/\/www.salvatorianas.org.br\/blog\/wp-content\/uploads\/2024\/03\/5-2048x956.jpeg 2048w\" sizes=\"(max-width: 1024px) 100vw, 1024px\" \/><\/figure>\n\n\n\n<p><\/p>\n\n\n\n<figure class=\"wp-block-image size-large\"><img decoding=\"async\" loading=\"lazy\" width=\"1024\" height=\"877\" src=\"https:\/\/www.salvatorianas.org.br\/blog\/wp-content\/uploads\/2024\/03\/6-1024x877.jpeg\" alt=\"\" class=\"wp-image-21830\" srcset=\"https:\/\/www.salvatorianas.org.br\/blog\/wp-content\/uploads\/2024\/03\/6-1024x877.jpeg 1024w, https:\/\/www.salvatorianas.org.br\/blog\/wp-content\/uploads\/2024\/03\/6-300x257.jpeg 300w, https:\/\/www.salvatorianas.org.br\/blog\/wp-content\/uploads\/2024\/03\/6-768x657.jpeg 768w, https:\/\/www.salvatorianas.org.br\/blog\/wp-content\/uploads\/2024\/03\/6-1536x1315.jpeg 1536w, https:\/\/www.salvatorianas.org.br\/blog\/wp-content\/uploads\/2024\/03\/6-2048x1753.jpeg 2048w\" sizes=\"(max-width: 1024px) 100vw, 1024px\" \/><\/figure>\n\n\n\n<p><\/p>\n\n\n\n<figure class=\"wp-block-image size-full\"><img decoding=\"async\" loading=\"lazy\" width=\"863\" height=\"1024\" src=\"https:\/\/www.salvatorianas.org.br\/blog\/wp-content\/uploads\/2024\/03\/7.jpeg\" alt=\"\" class=\"wp-image-21831\" srcset=\"https:\/\/www.salvatorianas.org.br\/blog\/wp-content\/uploads\/2024\/03\/7.jpeg 863w, https:\/\/www.salvatorianas.org.br\/blog\/wp-content\/uploads\/2024\/03\/7-253x300.jpeg 253w, https:\/\/www.salvatorianas.org.br\/blog\/wp-content\/uploads\/2024\/03\/7-768x911.jpeg 768w\" sizes=\"(max-width: 863px) 100vw, 863px\" \/><\/figure>\n","protected":false},"excerpt":{"rendered":"<p>Celebrar 50 (Ir. Terezinha Pala) e 65 (Ir. La\u00edde Evanir Brugali) anos de Vida Consagrada, \u00e9 \u201cgra\u00e7a de Deus sobre gra\u00e7a\u201d. Os anos passaram velozmente. Deus tinha um plano e foi cumprindo na&#8230;<\/p>\n","protected":false},"author":2,"featured_media":21825,"comment_status":"open","ping_status":"open","sticky":false,"template":"","format":"standard","meta":[],"categories":[1],"tags":[],"_links":{"self":[{"href":"https:\/\/www.salvatorianas.org.br\/blog\/wp-json\/wp\/v2\/posts\/21824"}],"collection":[{"href":"https:\/\/www.salvatorianas.org.br\/blog\/wp-json\/wp\/v2\/posts"}],"about":[{"href":"https:\/\/www.salvatorianas.org.br\/blog\/wp-json\/wp\/v2\/types\/post"}],"author":[{"embeddable":true,"href":"https:\/\/www.salvatorianas.org.br\/blog\/wp-json\/wp\/v2\/users\/2"}],"replies":[{"embeddable":true,"href":"https:\/\/www.salvatorianas.org.br\/blog\/wp-json\/wp\/v2\/comments?post=21824"}],"version-history":[{"count":2,"href":"https:\/\/www.salvatorianas.org.br\/blog\/wp-json\/wp\/v2\/posts\/21824\/revisions"}],"predecessor-version":[{"id":21833,"href":"https:\/\/www.salvatorianas.org.br\/blog\/wp-json\/wp\/v2\/posts\/21824\/revisions\/21833"}],"wp:featuredmedia":[{"embeddable":true,"href":"https:\/\/www.salvatorianas.org.br\/blog\/wp-json\/wp\/v2\/media\/21825"}],"wp:attachment":[{"href":"https:\/\/www.salvatorianas.org.br\/blog\/wp-json\/wp\/v2\/media?parent=21824"}],"wp:term":[{"taxonomy":"category","embeddable":true,"href":"https:\/\/www.salvatorianas.org.br\/blog\/wp-json\/wp\/v2\/categories?post=21824"},{"taxonomy":"post_tag","embeddable":true,"href":"https:\/\/www.salvatorianas.org.br\/blog\/wp-json\/wp\/v2\/tags?post=21824"}],"curies":[{"name":"wp","href":"https:\/\/api.w.org\/{rel}","templated":true}]}}