{"id":21813,"date":"2024-03-03T13:46:59","date_gmt":"2024-03-03T13:46:59","guid":{"rendered":"https:\/\/www.salvatorianas.org.br\/blog\/?p=21813"},"modified":"2024-03-03T13:47:00","modified_gmt":"2024-03-03T13:47:00","slug":"ingresso-ao-noviciado-4","status":"publish","type":"post","link":"https:\/\/www.salvatorianas.org.br\/blog\/ingresso-ao-noviciado-4\/","title":{"rendered":"Ingresso ao Noviciado"},"content":{"rendered":"\n<p><\/p>\n\n\n\n<p>Com muita alegria e gratid\u00e3o ao Salvador, hoje celebramos o ingresso ao noviciado da jovem Caline Leite Alves. O noviciado \u00e9 um tempo forte de forma\u00e7\u00e3o, ora\u00e7\u00e3o e experi\u00eancia apost\u00f3lica, na resposta \u00e0 voca\u00e7\u00e3o \u00e0 Vida Consagrada Salvatoriana.<br>Que Deus a aben\u00e7oe grandemente e seu cora\u00e7\u00e3o se abra \u00e0s maravilhas que Ele vai continuar revelando em voc\u00ea. Seja firme, forte e confiante. Estaremos te acompanhando com nossas preces.<br>Jovem! O Salvador tamb\u00e9m te chama! Seja Salvatoriana!<\/p>\n","protected":false},"excerpt":{"rendered":"<p>Com muita alegria e gratid\u00e3o ao Salvador, hoje celebramos o ingresso ao noviciado da jovem Caline Leite Alves. O noviciado \u00e9 um tempo forte de forma\u00e7\u00e3o, ora\u00e7\u00e3o e experi\u00eancia apost\u00f3lica, na resposta \u00e0&#8230;<\/p>\n","protected":false},"author":2,"featured_media":21814,"comment_status":"open","ping_status":"open","sticky":false,"template":"","format":"standard","meta":[],"categories":[1],"tags":[],"_links":{"self":[{"href":"https:\/\/www.salvatorianas.org.br\/blog\/wp-json\/wp\/v2\/posts\/21813"}],"collection":[{"href":"https:\/\/www.salvatorianas.org.br\/blog\/wp-json\/wp\/v2\/posts"}],"about":[{"href":"https:\/\/www.salvatorianas.org.br\/blog\/wp-json\/wp\/v2\/types\/post"}],"author":[{"embeddable":true,"href":"https:\/\/www.salvatorianas.org.br\/blog\/wp-json\/wp\/v2\/users\/2"}],"replies":[{"embeddable":true,"href":"https:\/\/www.salvatorianas.org.br\/blog\/wp-json\/wp\/v2\/comments?post=21813"}],"version-history":[{"count":2,"href":"https:\/\/www.salvatorianas.org.br\/blog\/wp-json\/wp\/v2\/posts\/21813\/revisions"}],"predecessor-version":[{"id":21816,"href":"https:\/\/www.salvatorianas.org.br\/blog\/wp-json\/wp\/v2\/posts\/21813\/revisions\/21816"}],"wp:featuredmedia":[{"embeddable":true,"href":"https:\/\/www.salvatorianas.org.br\/blog\/wp-json\/wp\/v2\/media\/21814"}],"wp:attachment":[{"href":"https:\/\/www.salvatorianas.org.br\/blog\/wp-json\/wp\/v2\/media?parent=21813"}],"wp:term":[{"taxonomy":"category","embeddable":true,"href":"https:\/\/www.salvatorianas.org.br\/blog\/wp-json\/wp\/v2\/categories?post=21813"},{"taxonomy":"post_tag","embeddable":true,"href":"https:\/\/www.salvatorianas.org.br\/blog\/wp-json\/wp\/v2\/tags?post=21813"}],"curies":[{"name":"wp","href":"https:\/\/api.w.org\/{rel}","templated":true}]}}