{"id":2179,"date":"2015-05-23T00:00:00","date_gmt":"2015-05-23T00:00:00","guid":{"rendered":"https:\/\/www.salvatorianas.org.br\/blog\/beatificacao-de-dom-romero-reunira-milhares-de-fieis-em-san-salvador\/"},"modified":"2015-05-23T00:00:00","modified_gmt":"2015-05-23T00:00:00","slug":"beatificacao-de-dom-romero-reunira-milhares-de-fieis-em-san-salvador","status":"publish","type":"post","link":"https:\/\/www.salvatorianas.org.br\/blog\/beatificacao-de-dom-romero-reunira-milhares-de-fieis-em-san-salvador\/","title":{"rendered":"Beatifica\u00e7\u00e3o de dom Romero reunir\u00e1 milhares de fi\u00e9is em San Salvador"},"content":{"rendered":"<p style=\"text-align: justify;\" align=\"center\">[imagem1]<\/p>\n<p style=\"text-align: justify;\" align=\"center\">&nbsp;<\/p>\n<p style=\"text-align: justify;\" align=\"center\">O arcebispo de San Salvador, dom Oscar Arnulfo Gald&aacute;mez Romero,&nbsp;ser&aacute; beatificado neste s&aacute;bado, 23 de maio, durante missa presidida pelo prefeito da Congrega&ccedil;&atilde;o para as Causas dos Santos, cardeal Angelo Amato. A estimativa &eacute; que cerca de 250 mil fi&eacute;is participem da celebra&ccedil;&atilde;o, que ocorrer&aacute; na capital do pa&iacute;s, em San Salvador. &nbsp;<\/p>\n<p style=\"text-align: justify;\">Em entrevista &agrave; R&aacute;dio Vaticano, o representante do papa disse que dom Romero &ldquo;foi um sacerdote bom e um bispo s&aacute;bio, mas sobretudo um homem virtuoso&rdquo;. Disse, ainda, que o &ldquo;papa Francisco resume bem a identidade sacerdotal e pastoral de Romero, quando o chama de bispo e m&aacute;rtir, pastor segundo o cora&ccedil;&atilde;o de Cristo, evangelizador e pai dos pobres, testemunha heroica do Reino de Deus, Reino de justi&ccedil;a, fraternidade e paz&rdquo;.<\/p>\n<p style=\"text-align: justify;\" align=\"center\"><strong>Reconhecimento<\/strong><\/p>\n<p style=\"text-align: justify;\" align=\"center\">No dia 3 de fevereiro deste ano, o papa Francisco autorizou a promulga&ccedil;&atilde;o do decreto a respeito do mart&iacute;rio de dom Romero. A fase diocesana do processo de beatifica&ccedil;&atilde;o iniciou-se, ainda, em 1994. Dois anos depois, o processo foi encaminhado ao Vaticano.<\/p>\n<p style=\"text-align: justify;\" align=\"center\">O postulador da causa de beatifica&ccedil;&atilde;o do arcebispo salvadorenho &eacute; o presidente do Pontif&iacute;cio Conselho para a Fam&iacute;lia, dom Vincenzo Paglia. &ldquo;Romero deveria ser beatificado sob o pontificado do primeiro papa latino americano. Hoje consigo entender em profundidade o porqu&ecirc; de tantos atrasos: Deus esperava pelo papa Francisco&rdquo;, disse dom Paglia, ao embarcar para El Salvador, no m&ecirc;s de mar&ccedil;o, onde encontrou-se com o presidente da Rep&uacute;blica, Salvador S&aacute;nchez Cer&eacute;n, e com membros do clero local.<\/p>\n<p style=\"text-align: justify;\" align=\"center\">A not&iacute;cia da beatifica&ccedil;&atilde;o foi recebida com alegria pelo povo de El Salvador. De acordo com o porta-voz da beatifica&ccedil;&atilde;o, padre Cesar Sanchez, o pa&iacute;s &ldquo;explodiu de alegria&rdquo;. &nbsp;&nbsp;Ao citar a mazela da viol&ecirc;ncia na regi&atilde;o nos dias de hoje, por meio da deliqu&ecirc;ncia, padre Sanchez destacou que &ldquo;a luta de Romero &eacute; mais atual do que nunca&rdquo; e que a beatifica&ccedil;&atilde;o &eacute; &nbsp;&ldquo;uma gra&ccedil;a especial para este pequeno e sofrido pa&iacute;s&rdquo;.<\/p>\n<p style=\"text-align: justify;\" align=\"center\"><strong>Hist&oacute;ria e mart&iacute;rio<\/strong><\/p>\n<p style=\"text-align: justify;\" align=\"center\">Nascido em 15 de agosto de 1917, em Ciudad Barrios, em El Salvador, Oscar Romero foi para o semin&aacute;rio aos 13 anos. Concluiu o curso de Teologia em Roma, quando tinha 20 anos. Sua ordena&ccedil;&atilde;o sacerdotal aconteceu em 1943.<\/p>\n<p style=\"text-align: justify;\" align=\"center\">De volta ao seu pa&iacute;s, o ent&atilde;o p&aacute;roco j&aacute; demonstrava os sinais da caridade e prefer&ecirc;ncia pelos mais necessitados. Fazia parte de sua rotina as visitas aos doentes, as ajudas aos pobres que se dirigiam &agrave; casa paroquial pedindo aux&iacute;lio, as aulas de religi&atilde;o nas escolas e a atua&ccedil;&atilde;o como capel&atilde;o do pres&iacute;dio.<\/p>\n<p style=\"text-align: justify;\" align=\"center\">Assim como no Brasil e em outros pa&iacute;ses latino-americanos, El Salvador enfrentava, na d&eacute;cada de 1970, um regime ditatorial. Neste contexto, em 1977, Romero foi nomeado arcebispo do pa&iacute;s, dois anos antes do golpe militar que deu origem &agrave; guerra civil que assolou El Salvador por mais de uma d&eacute;cada e fez milhares de v&iacute;timas.<\/p>\n<p style=\"text-align: justify;\" align=\"center\">O arcebispo denunciava a injusti&ccedil;a e a mis&eacute;ria na regi&atilde;o. Durante os conflitos entre grupos revolucion&aacute;rios e militares, ele criticava a atua&ccedil;&atilde;o do governo, as injusti&ccedil;as e as interfer&ecirc;ncias estrangeiras.<\/p>\n<p style=\"text-align: justify;\" align=\"center\">Na ocasi&atilde;o de seu assassinato, dom Romero celebrava uma missa na capela do Hospital da Divina Provid&ecirc;ncia, em San Salvador, capital do pa&iacute;s, em meio aos enfermos e enfermeiros. Um franco-atirador p&oacute;s fim &agrave; luta do pastor que buscava o entendimento entre os salvadorenhos.<\/p>\n<p style=\"text-align: justify;\" align=\"center\">&nbsp;<\/p>\n<p style=\"text-align: justify;\" align=\"center\">Fonte: CNBB<\/p>\n","protected":false},"excerpt":{"rendered":"<p>[imagem1] &nbsp; O arcebispo de San Salvador, dom Oscar Arnulfo Gald&aacute;mez Romero,&nbsp;ser&aacute; beatificado neste s&aacute;bado, 23 de maio, durante missa presidida pelo prefeito da Congrega&ccedil;&atilde;o para as Causas dos Santos, cardeal Angelo Amato&#8230;.<\/p>\n","protected":false},"author":1,"featured_media":2417,"comment_status":"open","ping_status":"open","sticky":false,"template":"","format":"standard","meta":[],"categories":[1],"tags":[],"_links":{"self":[{"href":"https:\/\/www.salvatorianas.org.br\/blog\/wp-json\/wp\/v2\/posts\/2179"}],"collection":[{"href":"https:\/\/www.salvatorianas.org.br\/blog\/wp-json\/wp\/v2\/posts"}],"about":[{"href":"https:\/\/www.salvatorianas.org.br\/blog\/wp-json\/wp\/v2\/types\/post"}],"author":[{"embeddable":true,"href":"https:\/\/www.salvatorianas.org.br\/blog\/wp-json\/wp\/v2\/users\/1"}],"replies":[{"embeddable":true,"href":"https:\/\/www.salvatorianas.org.br\/blog\/wp-json\/wp\/v2\/comments?post=2179"}],"version-history":[{"count":0,"href":"https:\/\/www.salvatorianas.org.br\/blog\/wp-json\/wp\/v2\/posts\/2179\/revisions"}],"wp:featuredmedia":[{"embeddable":true,"href":"https:\/\/www.salvatorianas.org.br\/blog\/wp-json\/wp\/v2\/media\/2417"}],"wp:attachment":[{"href":"https:\/\/www.salvatorianas.org.br\/blog\/wp-json\/wp\/v2\/media?parent=2179"}],"wp:term":[{"taxonomy":"category","embeddable":true,"href":"https:\/\/www.salvatorianas.org.br\/blog\/wp-json\/wp\/v2\/categories?post=2179"},{"taxonomy":"post_tag","embeddable":true,"href":"https:\/\/www.salvatorianas.org.br\/blog\/wp-json\/wp\/v2\/tags?post=2179"}],"curies":[{"name":"wp","href":"https:\/\/api.w.org\/{rel}","templated":true}]}}