{"id":21730,"date":"2024-02-05T12:21:02","date_gmt":"2024-02-05T12:21:02","guid":{"rendered":"https:\/\/www.salvatorianas.org.br\/blog\/?p=21730"},"modified":"2024-02-05T12:27:25","modified_gmt":"2024-02-05T12:27:25","slug":"exercicios-espirituais-para-a-familia-salvatoriana","status":"publish","type":"post","link":"https:\/\/www.salvatorianas.org.br\/blog\/exercicios-espirituais-para-a-familia-salvatoriana\/","title":{"rendered":"EXERC\u00cdCIOS ESPIRITUAIS PARA A FAM\u00cdLIA SALVATORIANA"},"content":{"rendered":"\n<p>A Fam\u00edlia Salvatoriana esteve reunida em Conchas\/SP nos dias 29 de janeiro a 2 de fevereiro realizando o seu retiro com o tema central \u201c Francisco Maria da Cruz Jordan, interioridade e miss\u00e3o\u201d, sob a orienta\u00e7\u00e3o do Pe. Milton Zonta, SDS.<br>\u00c9ramos 50 participantes: Padres, Estudantes de Teologia, Novi\u00e7os, Irm\u00e3s e Leigos com uma conviv\u00eancia muito fraterna e integrada como Fam\u00edlia Salvatoriana.<br>&#8220;Nossa Prov\u00edncia Santa Catarina teve sete (7) Irm\u00e3s que participaram e que agradecem a oportunidade de participar dessa experi\u00eancia t\u00e3o valiosa e significativa de aprofundamento e encontro com Deus.<br>Gratid\u00e3o ao Pe. Milton Zonta que foi muito s\u00e1bio e iluminado na orienta\u00e7\u00e3o desses Exerc\u00edcios Espirituais, ao Pe. Sidney e demais Salvatorianos por toda a organiza\u00e7\u00e3o e acolhida. \u00c0 Ir. Lisete e Equipe Provincial por ter nos proporcionado essa oportunidade de participa\u00e7\u00e3o. Gratid\u00e3o\u00a0por\u00a0tudo!&#8221;<\/p>\n\n\n\n<figure class=\"wp-block-gallery has-nested-images columns-default is-cropped wp-block-gallery-1 is-layout-flex\">\n<figure class=\"wp-block-image size-large\"><img decoding=\"async\" loading=\"lazy\" width=\"683\" height=\"1024\" data-id=\"21736\"  src=\"https:\/\/www.salvatorianas.org.br\/blog\/wp-content\/uploads\/2024\/02\/Fotos-14-1-683x1024.jpg\" alt=\"\" class=\"wp-image-21736\" srcset=\"https:\/\/www.salvatorianas.org.br\/blog\/wp-content\/uploads\/2024\/02\/Fotos-14-1-683x1024.jpg 683w, https:\/\/www.salvatorianas.org.br\/blog\/wp-content\/uploads\/2024\/02\/Fotos-14-1-200x300.jpg 200w, https:\/\/www.salvatorianas.org.br\/blog\/wp-content\/uploads\/2024\/02\/Fotos-14-1-768x1152.jpg 768w, https:\/\/www.salvatorianas.org.br\/blog\/wp-content\/uploads\/2024\/02\/Fotos-14-1-1024x1536.jpg 1024w, https:\/\/www.salvatorianas.org.br\/blog\/wp-content\/uploads\/2024\/02\/Fotos-14-1.jpg 1365w\" sizes=\"(max-width: 683px) 100vw, 683px\" \/><\/figure>\n\n\n\n<figure class=\"wp-block-image size-large\"><img decoding=\"async\" loading=\"lazy\" width=\"1024\" height=\"683\" data-id=\"21734\"  src=\"https:\/\/www.salvatorianas.org.br\/blog\/wp-content\/uploads\/2024\/02\/Fotos-27-1-1024x683.jpg\" alt=\"\" class=\"wp-image-21734\" srcset=\"https:\/\/www.salvatorianas.org.br\/blog\/wp-content\/uploads\/2024\/02\/Fotos-27-1-1024x683.jpg 1024w, https:\/\/www.salvatorianas.org.br\/blog\/wp-content\/uploads\/2024\/02\/Fotos-27-1-300x200.jpg 300w, https:\/\/www.salvatorianas.org.br\/blog\/wp-content\/uploads\/2024\/02\/Fotos-27-1-768x512.jpg 768w, https:\/\/www.salvatorianas.org.br\/blog\/wp-content\/uploads\/2024\/02\/Fotos-27-1-1536x1024.jpg 1536w, https:\/\/www.salvatorianas.org.br\/blog\/wp-content\/uploads\/2024\/02\/Fotos-27-1.jpg 2048w\" sizes=\"(max-width: 1024px) 100vw, 1024px\" \/><\/figure>\n\n\n\n<figure class=\"wp-block-image size-large\"><img decoding=\"async\" loading=\"lazy\" width=\"1024\" height=\"683\" data-id=\"21735\"  src=\"https:\/\/www.salvatorianas.org.br\/blog\/wp-content\/uploads\/2024\/02\/Fotos-24-1-1024x683.jpg\" alt=\"\" class=\"wp-image-21735\" srcset=\"https:\/\/www.salvatorianas.org.br\/blog\/wp-content\/uploads\/2024\/02\/Fotos-24-1-1024x683.jpg 1024w, https:\/\/www.salvatorianas.org.br\/blog\/wp-content\/uploads\/2024\/02\/Fotos-24-1-300x200.jpg 300w, https:\/\/www.salvatorianas.org.br\/blog\/wp-content\/uploads\/2024\/02\/Fotos-24-1-768x512.jpg 768w, https:\/\/www.salvatorianas.org.br\/blog\/wp-content\/uploads\/2024\/02\/Fotos-24-1-1536x1024.jpg 1536w, https:\/\/www.salvatorianas.org.br\/blog\/wp-content\/uploads\/2024\/02\/Fotos-24-1.jpg 2048w\" sizes=\"(max-width: 1024px) 100vw, 1024px\" \/><\/figure>\n\n\n\n<figure class=\"wp-block-image size-large\"><img decoding=\"async\" loading=\"lazy\" width=\"1024\" height=\"683\" data-id=\"21732\"  src=\"https:\/\/www.salvatorianas.org.br\/blog\/wp-content\/uploads\/2024\/02\/Fotos-16-1024x683.jpg\" alt=\"\" class=\"wp-image-21732\" srcset=\"https:\/\/www.salvatorianas.org.br\/blog\/wp-content\/uploads\/2024\/02\/Fotos-16-1024x683.jpg 1024w, https:\/\/www.salvatorianas.org.br\/blog\/wp-content\/uploads\/2024\/02\/Fotos-16-300x200.jpg 300w, https:\/\/www.salvatorianas.org.br\/blog\/wp-content\/uploads\/2024\/02\/Fotos-16-768x512.jpg 768w, https:\/\/www.salvatorianas.org.br\/blog\/wp-content\/uploads\/2024\/02\/Fotos-16-1536x1024.jpg 1536w, https:\/\/www.salvatorianas.org.br\/blog\/wp-content\/uploads\/2024\/02\/Fotos-16.jpg 2048w\" sizes=\"(max-width: 1024px) 100vw, 1024px\" \/><\/figure>\n\n\n\n<figure class=\"wp-block-image size-large\"><img decoding=\"async\" loading=\"lazy\" width=\"945\" height=\"945\" data-id=\"21731\"  src=\"https:\/\/www.salvatorianas.org.br\/blog\/wp-content\/uploads\/2024\/02\/foto-post-blog.png\" alt=\"\" class=\"wp-image-21731\" srcset=\"https:\/\/www.salvatorianas.org.br\/blog\/wp-content\/uploads\/2024\/02\/foto-post-blog.png 945w, https:\/\/www.salvatorianas.org.br\/blog\/wp-content\/uploads\/2024\/02\/foto-post-blog-300x300.png 300w, https:\/\/www.salvatorianas.org.br\/blog\/wp-content\/uploads\/2024\/02\/foto-post-blog-150x150.png 150w, https:\/\/www.salvatorianas.org.br\/blog\/wp-content\/uploads\/2024\/02\/foto-post-blog-768x768.png 768w\" sizes=\"(max-width: 945px) 100vw, 945px\" \/><\/figure>\n\n\n\n<figure class=\"wp-block-image size-large\"><img decoding=\"async\" loading=\"lazy\" width=\"945\" height=\"945\" data-id=\"21733\"  src=\"https:\/\/www.salvatorianas.org.br\/blog\/wp-content\/uploads\/2024\/02\/foto-post-blog2.png\" alt=\"\" class=\"wp-image-21733\" srcset=\"https:\/\/www.salvatorianas.org.br\/blog\/wp-content\/uploads\/2024\/02\/foto-post-blog2.png 945w, https:\/\/www.salvatorianas.org.br\/blog\/wp-content\/uploads\/2024\/02\/foto-post-blog2-300x300.png 300w, https:\/\/www.salvatorianas.org.br\/blog\/wp-content\/uploads\/2024\/02\/foto-post-blog2-150x150.png 150w, https:\/\/www.salvatorianas.org.br\/blog\/wp-content\/uploads\/2024\/02\/foto-post-blog2-768x768.png 768w\" sizes=\"(max-width: 945px) 100vw, 945px\" \/><\/figure>\n<\/figure>\n\n\n\n<figure class=\"wp-block-image size-large\"><img decoding=\"async\" loading=\"lazy\" width=\"1024\" height=\"683\" src=\"https:\/\/www.salvatorianas.org.br\/blog\/wp-content\/uploads\/2024\/02\/Fotos-24-2-1024x683.jpg\" alt=\"\" class=\"wp-image-21738\" srcset=\"https:\/\/www.salvatorianas.org.br\/blog\/wp-content\/uploads\/2024\/02\/Fotos-24-2-1024x683.jpg 1024w, https:\/\/www.salvatorianas.org.br\/blog\/wp-content\/uploads\/2024\/02\/Fotos-24-2-300x200.jpg 300w, https:\/\/www.salvatorianas.org.br\/blog\/wp-content\/uploads\/2024\/02\/Fotos-24-2-768x512.jpg 768w, https:\/\/www.salvatorianas.org.br\/blog\/wp-content\/uploads\/2024\/02\/Fotos-24-2-1536x1024.jpg 1536w, https:\/\/www.salvatorianas.org.br\/blog\/wp-content\/uploads\/2024\/02\/Fotos-24-2.jpg 2048w\" sizes=\"(max-width: 1024px) 100vw, 1024px\" \/><\/figure>\n","protected":false},"excerpt":{"rendered":"<p>A Fam\u00edlia Salvatoriana esteve reunida em Conchas\/SP nos dias 29 de janeiro a 2 de fevereiro realizando o seu retiro com o tema central \u201c Francisco Maria da Cruz Jordan, interioridade e miss\u00e3o\u201d,&#8230;<\/p>\n","protected":false},"author":2,"featured_media":21737,"comment_status":"open","ping_status":"open","sticky":false,"template":"","format":"standard","meta":[],"categories":[1],"tags":[],"_links":{"self":[{"href":"https:\/\/www.salvatorianas.org.br\/blog\/wp-json\/wp\/v2\/posts\/21730"}],"collection":[{"href":"https:\/\/www.salvatorianas.org.br\/blog\/wp-json\/wp\/v2\/posts"}],"about":[{"href":"https:\/\/www.salvatorianas.org.br\/blog\/wp-json\/wp\/v2\/types\/post"}],"author":[{"embeddable":true,"href":"https:\/\/www.salvatorianas.org.br\/blog\/wp-json\/wp\/v2\/users\/2"}],"replies":[{"embeddable":true,"href":"https:\/\/www.salvatorianas.org.br\/blog\/wp-json\/wp\/v2\/comments?post=21730"}],"version-history":[{"count":3,"href":"https:\/\/www.salvatorianas.org.br\/blog\/wp-json\/wp\/v2\/posts\/21730\/revisions"}],"predecessor-version":[{"id":21742,"href":"https:\/\/www.salvatorianas.org.br\/blog\/wp-json\/wp\/v2\/posts\/21730\/revisions\/21742"}],"wp:featuredmedia":[{"embeddable":true,"href":"https:\/\/www.salvatorianas.org.br\/blog\/wp-json\/wp\/v2\/media\/21737"}],"wp:attachment":[{"href":"https:\/\/www.salvatorianas.org.br\/blog\/wp-json\/wp\/v2\/media?parent=21730"}],"wp:term":[{"taxonomy":"category","embeddable":true,"href":"https:\/\/www.salvatorianas.org.br\/blog\/wp-json\/wp\/v2\/categories?post=21730"},{"taxonomy":"post_tag","embeddable":true,"href":"https:\/\/www.salvatorianas.org.br\/blog\/wp-json\/wp\/v2\/tags?post=21730"}],"curies":[{"name":"wp","href":"https:\/\/api.w.org\/{rel}","templated":true}]}}