{"id":2172,"date":"2015-05-24T00:00:00","date_gmt":"2015-05-24T00:00:00","guid":{"rendered":"https:\/\/www.salvatorianas.org.br\/blog\/8-dia-de-oracao-pela-unidade-dos-cristaos\/"},"modified":"2015-05-24T00:00:00","modified_gmt":"2015-05-24T00:00:00","slug":"8-dia-de-oracao-pela-unidade-dos-cristaos","status":"publish","type":"post","link":"https:\/\/www.salvatorianas.org.br\/blog\/8-dia-de-oracao-pela-unidade-dos-cristaos\/","title":{"rendered":"8\u00ba dia de ora\u00e7\u00e3o pela unidade dos crist\u00e3os"},"content":{"rendered":"<h4 style=\"text-align: center;\">Muitos tinham acreditado por causa da palavra da mulher (Jo&atilde;o 4, 39)<\/h4>\n<p>[imagem1]<\/p>\n<p>Com o cora&ccedil;&atilde;o transformado, a mulher samaritana parte em miss&atilde;o. Ela anuncia a seu povo que tinha encontrado o Messias. Muitos acreditaram em Jesus &ldquo;por causa da palavra da mulher&rdquo; (Jo&atilde;o 4,39). A for&ccedil;a do seu testemunho vem da transforma&ccedil;&atilde;o de sua vida, causada por seu encontro com Jesus. Gra&ccedil;as &agrave; sua atitude de abertura, ela reconheceu naquele estrangeiro &ldquo;uma fonte que jorrar&aacute; para a vida eterna&rdquo; (Jo&atilde;o 4,14).<\/p>\n<p>A miss&atilde;o &eacute; um elemento chave da f&eacute; crist&atilde;. Todo crist&atilde;o &eacute; chamado a anunciar o nome do Senhor. O papa Francisco disse aos mission&aacute;rios: &ldquo;onde quer que voc&ecirc;s possam ir, seria bom pensar que o Esp&iacute;rito de Deus sempre vai &agrave; nossa frente&rdquo;. Miss&atilde;o n&atilde;o &eacute; proselitismo. Aqueles que verdadeiramente anunciam Jesus se aproximam dos outros em di&aacute;logo amoroso, abertos a uma aprendizagem m&uacute;tua, e respeitando a diferen&ccedil;a. Nossa miss&atilde;o exige de n&oacute;s que aprendamos a beber da &aacute;gua viva sem nos apossarmos do po&ccedil;o. O po&ccedil;o n&atilde;o nos pertence. N&oacute;s ganhamos vida a partir desse po&ccedil;o, o po&ccedil;o de &aacute;gua viva que nos &eacute; dado por Cristo.<\/p>\n<p>Nossa miss&atilde;o precisa ser um trabalho tanto de palavra como de testemunho. Buscamos viver o que proclamamos. O falecido arcebispo brasileiro D. Helder C&acirc;mara disse certa vez que muitos se tornaram ateus porque ficaram desiludidos com pessoas de f&eacute; que n&atilde;o praticam o que pregam. O testemunho da mulher levou sua comunidade a acreditar em Jesus porque seus irm&atilde;os e irm&atilde;s viram coer&ecirc;ncia entre as palavras dela e a pr&oacute;pria transforma&ccedil;&atilde;o que ela demonstrava.&nbsp;Se nossa palavra e nosso testemunho s&atilde;o aut&ecirc;nticos, o mundo ouvir&aacute; e acreditar&aacute;. &ldquo;Como creriam nele, sem o terem ouvido?&rdquo; (Rm 10,14)<\/p>\n<p>&nbsp;<\/p>\n<p><strong>Quest&otilde;es para reflex&atilde;o<\/strong><\/p>\n<ol>\n<li>Que rela&ccedil;&atilde;o existe entre unidade e miss&atilde;o?<\/li>\n<\/ol>\n<ol start=\"2\">\n<li>Voc&ecirc; conhece pessoas em sua comunidade cuja hist&oacute;ria de vida &eacute; um testemunho de unidade?<\/li>\n<\/ol>\n<p>&nbsp;<\/p>\n<p style=\"text-align: center;\"><strong>Ora&ccedil;&atilde;o<\/strong><\/p>\n<p style=\"text-align: center;\">&nbsp;<\/p>\n<p style=\"text-align: center;\">Deus, fonte de &aacute;gua viva,<\/p>\n<p style=\"text-align: center;\">transforma-nos em testemunhas de unidade tanto atrav&eacute;s de nossas palavras como de nossas vidas.<\/p>\n<p style=\"text-align: center;\">Ajuda-nos a entender que n&atilde;o somos os donos do po&ccedil;o<\/p>\n<p style=\"text-align: center;\">e d&aacute;-nos a sabedoria para acolher a mesma gra&ccedil;a uns nos outros.<\/p>\n<p style=\"text-align: center;\">Transforma nossos cora&ccedil;&otilde;es e nossas vidas<\/p>\n<p style=\"text-align: center;\">para que possamos ser verdadeiros portadores da Boa Nova.<\/p>\n<p style=\"text-align: center;\">E leva-nos sempre ao encontro com o outro,<\/p>\n<p style=\"text-align: center;\">como um encontro contigo.<\/p>\n<p style=\"text-align: center;\">&nbsp;Isso te pedimos em nome de teu Filho Jesus Cristo.<\/p>\n<p style=\"text-align: center;\">na unidade do Esp&iacute;rito Santo.<\/p>\n<p style=\"text-align: center;\">Am&eacute;m.<\/p>\n<p style=\"text-align: center;\">&nbsp;<\/p>\n<p style=\"text-align: justify;\"><strong>Fonte:<\/strong>&nbsp;Pontif&iacute;cio Conselho para a Promo&ccedil;&atilde;o da Unidade dos Crist&atilde;os e&nbsp;Comiss&atilde;o F&eacute; e Constitui&ccedil;&atilde;o do Conselho Mundial de Igrejas<\/p>\n","protected":false},"excerpt":{"rendered":"<p>Muitos tinham acreditado por causa da palavra da mulher (Jo&atilde;o 4, 39) [imagem1] Com o cora&ccedil;&atilde;o transformado, a mulher samaritana parte em miss&atilde;o. Ela anuncia a seu povo que tinha encontrado o Messias&#8230;.<\/p>\n","protected":false},"author":1,"featured_media":2448,"comment_status":"open","ping_status":"open","sticky":false,"template":"","format":"standard","meta":[],"categories":[1],"tags":[],"_links":{"self":[{"href":"https:\/\/www.salvatorianas.org.br\/blog\/wp-json\/wp\/v2\/posts\/2172"}],"collection":[{"href":"https:\/\/www.salvatorianas.org.br\/blog\/wp-json\/wp\/v2\/posts"}],"about":[{"href":"https:\/\/www.salvatorianas.org.br\/blog\/wp-json\/wp\/v2\/types\/post"}],"author":[{"embeddable":true,"href":"https:\/\/www.salvatorianas.org.br\/blog\/wp-json\/wp\/v2\/users\/1"}],"replies":[{"embeddable":true,"href":"https:\/\/www.salvatorianas.org.br\/blog\/wp-json\/wp\/v2\/comments?post=2172"}],"version-history":[{"count":0,"href":"https:\/\/www.salvatorianas.org.br\/blog\/wp-json\/wp\/v2\/posts\/2172\/revisions"}],"wp:featuredmedia":[{"embeddable":true,"href":"https:\/\/www.salvatorianas.org.br\/blog\/wp-json\/wp\/v2\/media\/2448"}],"wp:attachment":[{"href":"https:\/\/www.salvatorianas.org.br\/blog\/wp-json\/wp\/v2\/media?parent=2172"}],"wp:term":[{"taxonomy":"category","embeddable":true,"href":"https:\/\/www.salvatorianas.org.br\/blog\/wp-json\/wp\/v2\/categories?post=2172"},{"taxonomy":"post_tag","embeddable":true,"href":"https:\/\/www.salvatorianas.org.br\/blog\/wp-json\/wp\/v2\/tags?post=2172"}],"curies":[{"name":"wp","href":"https:\/\/api.w.org\/{rel}","templated":true}]}}