{"id":21719,"date":"2024-02-01T14:53:00","date_gmt":"2024-02-01T14:53:00","guid":{"rendered":"https:\/\/www.salvatorianas.org.br\/blog\/?p=21719"},"modified":"2024-02-01T16:59:51","modified_gmt":"2024-02-01T16:59:51","slug":"exercicios-espirituais","status":"publish","type":"post","link":"https:\/\/www.salvatorianas.org.br\/blog\/exercicios-espirituais\/","title":{"rendered":"Exerc\u00edcios Espirituais 30 dias"},"content":{"rendered":"\n<p>Queridas Irm\u00e3s, gratid\u00e3o \u00e9 a palavra m\u00e1gica que nos ajuda a expressar o reconhecimento por esta oportunidade \u00fanica de participar do retiro de 30 dias. Participamos dessa experi\u00eancia com muita intensidade. \u00c9 muita b\u00ean\u00e7\u00e3o! S\u00e3o muitas gra\u00e7as que levamos para nossas vidas. Obrigada pelas ora\u00e7\u00f5es e por essa rica oportunidade! Com ternura, Ines, Sandra&nbsp;e&nbsp;Patr\u00edcia.<\/p>\n\n\n\n<figure class=\"wp-block-image size-large\"><img decoding=\"async\" loading=\"lazy\" width=\"766\" height=\"1024\" src=\"https:\/\/www.salvatorianas.org.br\/blog\/wp-content\/uploads\/2024\/02\/Imagem-do-WhatsApp-de-2024-02-01-as-11.26.28_eaebe6cd-766x1024.jpg\" alt=\"\" class=\"wp-image-21720\" srcset=\"https:\/\/www.salvatorianas.org.br\/blog\/wp-content\/uploads\/2024\/02\/Imagem-do-WhatsApp-de-2024-02-01-as-11.26.28_eaebe6cd-766x1024.jpg 766w, https:\/\/www.salvatorianas.org.br\/blog\/wp-content\/uploads\/2024\/02\/Imagem-do-WhatsApp-de-2024-02-01-as-11.26.28_eaebe6cd-224x300.jpg 224w, https:\/\/www.salvatorianas.org.br\/blog\/wp-content\/uploads\/2024\/02\/Imagem-do-WhatsApp-de-2024-02-01-as-11.26.28_eaebe6cd-768x1027.jpg 768w, https:\/\/www.salvatorianas.org.br\/blog\/wp-content\/uploads\/2024\/02\/Imagem-do-WhatsApp-de-2024-02-01-as-11.26.28_eaebe6cd-1149x1536.jpg 1149w, https:\/\/www.salvatorianas.org.br\/blog\/wp-content\/uploads\/2024\/02\/Imagem-do-WhatsApp-de-2024-02-01-as-11.26.28_eaebe6cd.jpg 1197w\" sizes=\"(max-width: 766px) 100vw, 766px\" \/><\/figure>\n\n\n\n<figure class=\"wp-block-image size-large\"><img decoding=\"async\" loading=\"lazy\" width=\"1024\" height=\"768\" src=\"https:\/\/www.salvatorianas.org.br\/blog\/wp-content\/uploads\/2024\/02\/Imagem-do-WhatsApp-de-2024-02-01-as-11.27.03_56181a55-1024x768.jpg\" alt=\"\" class=\"wp-image-21721\" srcset=\"https:\/\/www.salvatorianas.org.br\/blog\/wp-content\/uploads\/2024\/02\/Imagem-do-WhatsApp-de-2024-02-01-as-11.27.03_56181a55-1024x768.jpg 1024w, https:\/\/www.salvatorianas.org.br\/blog\/wp-content\/uploads\/2024\/02\/Imagem-do-WhatsApp-de-2024-02-01-as-11.27.03_56181a55-300x225.jpg 300w, https:\/\/www.salvatorianas.org.br\/blog\/wp-content\/uploads\/2024\/02\/Imagem-do-WhatsApp-de-2024-02-01-as-11.27.03_56181a55-768x576.jpg 768w, https:\/\/www.salvatorianas.org.br\/blog\/wp-content\/uploads\/2024\/02\/Imagem-do-WhatsApp-de-2024-02-01-as-11.27.03_56181a55-1536x1152.jpg 1536w, https:\/\/www.salvatorianas.org.br\/blog\/wp-content\/uploads\/2024\/02\/Imagem-do-WhatsApp-de-2024-02-01-as-11.27.03_56181a55.jpg 1600w\" sizes=\"(max-width: 1024px) 100vw, 1024px\" \/><\/figure>\n","protected":false},"excerpt":{"rendered":"<p>Queridas Irm\u00e3s, gratid\u00e3o \u00e9 a palavra m\u00e1gica que nos ajuda a expressar o reconhecimento por esta oportunidade \u00fanica de participar do retiro de 30 dias. Participamos dessa experi\u00eancia com muita intensidade. \u00c9 muita&#8230;<\/p>\n","protected":false},"author":2,"featured_media":21722,"comment_status":"open","ping_status":"open","sticky":false,"template":"","format":"standard","meta":[],"categories":[1],"tags":[],"_links":{"self":[{"href":"https:\/\/www.salvatorianas.org.br\/blog\/wp-json\/wp\/v2\/posts\/21719"}],"collection":[{"href":"https:\/\/www.salvatorianas.org.br\/blog\/wp-json\/wp\/v2\/posts"}],"about":[{"href":"https:\/\/www.salvatorianas.org.br\/blog\/wp-json\/wp\/v2\/types\/post"}],"author":[{"embeddable":true,"href":"https:\/\/www.salvatorianas.org.br\/blog\/wp-json\/wp\/v2\/users\/2"}],"replies":[{"embeddable":true,"href":"https:\/\/www.salvatorianas.org.br\/blog\/wp-json\/wp\/v2\/comments?post=21719"}],"version-history":[{"count":2,"href":"https:\/\/www.salvatorianas.org.br\/blog\/wp-json\/wp\/v2\/posts\/21719\/revisions"}],"predecessor-version":[{"id":21724,"href":"https:\/\/www.salvatorianas.org.br\/blog\/wp-json\/wp\/v2\/posts\/21719\/revisions\/21724"}],"wp:featuredmedia":[{"embeddable":true,"href":"https:\/\/www.salvatorianas.org.br\/blog\/wp-json\/wp\/v2\/media\/21722"}],"wp:attachment":[{"href":"https:\/\/www.salvatorianas.org.br\/blog\/wp-json\/wp\/v2\/media?parent=21719"}],"wp:term":[{"taxonomy":"category","embeddable":true,"href":"https:\/\/www.salvatorianas.org.br\/blog\/wp-json\/wp\/v2\/categories?post=21719"},{"taxonomy":"post_tag","embeddable":true,"href":"https:\/\/www.salvatorianas.org.br\/blog\/wp-json\/wp\/v2\/tags?post=21719"}],"curies":[{"name":"wp","href":"https:\/\/api.w.org\/{rel}","templated":true}]}}