{"id":21709,"date":"2024-02-01T12:01:41","date_gmt":"2024-02-01T12:01:41","guid":{"rendered":"https:\/\/www.salvatorianas.org.br\/blog\/?p=21709"},"modified":"2024-02-01T12:01:42","modified_gmt":"2024-02-01T12:01:42","slug":"o-caminho-que-se-faz-passo-a-passo-pouco-a-pouco","status":"publish","type":"post","link":"https:\/\/www.salvatorianas.org.br\/blog\/o-caminho-que-se-faz-passo-a-passo-pouco-a-pouco\/","title":{"rendered":"\u201cO caminho que se faz passo a passo, pouco a pouco\u2026 \u201c"},"content":{"rendered":"\n<p>De 23 a 30 de Janeiro, as Irm\u00e3s Cl\u00e9ia Aparecida Bueno e Maria Senhora da Concei\u00e7\u00e3o, tiveram a oportunidade de rezar a vida, compartilhando as alegrias, as dores, os desafios, as conquistas, as pontes formadas que permitiram um crescimento e amadurecimento na f\u00e9 e na voca\u00e7\u00e3o. Foram dias especiais marcados por momentos de espiritualidade, partilha de vida, conv\u00edvio e lazer que culminou com uma simples e significativa celebra\u00e7\u00e3o eucar\u00edstica na pequena comunidade Santa Teresa Verzeri, (caixa D\u2019agua) em Feira de Santana, que as acolheu com enorme alegria e gratid\u00e3o. Foram dias de kayr\u00f3s, no qual as Irm\u00e3s fizeram uma mem\u00f3ria afetiva da vida e miss\u00e3o e manifestam sua gratid\u00e3o a Deus, as suas comunidades, a equipe provincial e a cada Irm\u00e3 que esteve unida em ora\u00e7\u00e3o e foram presen\u00e7a fortalecedora. A palavra para o momento \u00e9\u00a0\u00a0Gratid\u00e3o\u00a0!!<\/p>\n\n\n\n<figure class=\"wp-block-image size-large\"><img decoding=\"async\" loading=\"lazy\" width=\"768\" height=\"1024\" src=\"https:\/\/www.salvatorianas.org.br\/blog\/wp-content\/uploads\/2024\/02\/IMG-20240201-WA0005-1-768x1024.jpg\" alt=\"\" class=\"wp-image-21712\" srcset=\"https:\/\/www.salvatorianas.org.br\/blog\/wp-content\/uploads\/2024\/02\/IMG-20240201-WA0005-1-768x1024.jpg 768w, https:\/\/www.salvatorianas.org.br\/blog\/wp-content\/uploads\/2024\/02\/IMG-20240201-WA0005-1-225x300.jpg 225w, https:\/\/www.salvatorianas.org.br\/blog\/wp-content\/uploads\/2024\/02\/IMG-20240201-WA0005-1-1152x1536.jpg 1152w, https:\/\/www.salvatorianas.org.br\/blog\/wp-content\/uploads\/2024\/02\/IMG-20240201-WA0005-1.jpg 1200w\" sizes=\"(max-width: 768px) 100vw, 768px\" \/><\/figure>\n\n\n\n<figure class=\"wp-block-image size-large\"><img decoding=\"async\" loading=\"lazy\" width=\"558\" height=\"1024\" src=\"https:\/\/www.salvatorianas.org.br\/blog\/wp-content\/uploads\/2024\/02\/IMG-20240201-WA0006-1-558x1024.jpg\" alt=\"\" class=\"wp-image-21713\" srcset=\"https:\/\/www.salvatorianas.org.br\/blog\/wp-content\/uploads\/2024\/02\/IMG-20240201-WA0006-1-558x1024.jpg 558w, https:\/\/www.salvatorianas.org.br\/blog\/wp-content\/uploads\/2024\/02\/IMG-20240201-WA0006-1-164x300.jpg 164w, https:\/\/www.salvatorianas.org.br\/blog\/wp-content\/uploads\/2024\/02\/IMG-20240201-WA0006-1.jpg 696w\" sizes=\"(max-width: 558px) 100vw, 558px\" \/><\/figure>\n\n\n\n<figure class=\"wp-block-image size-large\"><img decoding=\"async\" loading=\"lazy\" width=\"768\" height=\"1024\" src=\"https:\/\/www.salvatorianas.org.br\/blog\/wp-content\/uploads\/2024\/02\/IMG-20240201-WA0007-768x1024.jpg\" alt=\"\" class=\"wp-image-21714\" srcset=\"https:\/\/www.salvatorianas.org.br\/blog\/wp-content\/uploads\/2024\/02\/IMG-20240201-WA0007-768x1024.jpg 768w, https:\/\/www.salvatorianas.org.br\/blog\/wp-content\/uploads\/2024\/02\/IMG-20240201-WA0007-225x300.jpg 225w, https:\/\/www.salvatorianas.org.br\/blog\/wp-content\/uploads\/2024\/02\/IMG-20240201-WA0007-1152x1536.jpg 1152w, https:\/\/www.salvatorianas.org.br\/blog\/wp-content\/uploads\/2024\/02\/IMG-20240201-WA0007.jpg 1200w\" sizes=\"(max-width: 768px) 100vw, 768px\" \/><\/figure>\n\n\n\n<figure class=\"wp-block-image size-large\"><img decoding=\"async\" loading=\"lazy\" width=\"768\" height=\"1024\" src=\"https:\/\/www.salvatorianas.org.br\/blog\/wp-content\/uploads\/2024\/02\/IMG-20240201-WA0010-768x1024.jpg\" alt=\"\" class=\"wp-image-21716\" srcset=\"https:\/\/www.salvatorianas.org.br\/blog\/wp-content\/uploads\/2024\/02\/IMG-20240201-WA0010-768x1024.jpg 768w, https:\/\/www.salvatorianas.org.br\/blog\/wp-content\/uploads\/2024\/02\/IMG-20240201-WA0010-225x300.jpg 225w, https:\/\/www.salvatorianas.org.br\/blog\/wp-content\/uploads\/2024\/02\/IMG-20240201-WA0010.jpg 959w\" sizes=\"(max-width: 768px) 100vw, 768px\" \/><\/figure>\n\n\n\n<figure class=\"wp-block-image size-large\"><img decoding=\"async\" loading=\"lazy\" width=\"1024\" height=\"680\" src=\"https:\/\/www.salvatorianas.org.br\/blog\/wp-content\/uploads\/2024\/02\/IMG-20240201-WA0008-1024x680.jpg\" alt=\"\" class=\"wp-image-21717\" srcset=\"https:\/\/www.salvatorianas.org.br\/blog\/wp-content\/uploads\/2024\/02\/IMG-20240201-WA0008-1024x680.jpg 1024w, https:\/\/www.salvatorianas.org.br\/blog\/wp-content\/uploads\/2024\/02\/IMG-20240201-WA0008-300x199.jpg 300w, https:\/\/www.salvatorianas.org.br\/blog\/wp-content\/uploads\/2024\/02\/IMG-20240201-WA0008-768x510.jpg 768w, https:\/\/www.salvatorianas.org.br\/blog\/wp-content\/uploads\/2024\/02\/IMG-20240201-WA0008.jpg 1030w\" sizes=\"(max-width: 1024px) 100vw, 1024px\" \/><\/figure>\n","protected":false},"excerpt":{"rendered":"<p>De 23 a 30 de Janeiro, as Irm\u00e3s Cl\u00e9ia Aparecida Bueno e Maria Senhora da Concei\u00e7\u00e3o, tiveram a oportunidade de rezar a vida, compartilhando as alegrias, as dores, os desafios, as conquistas, as&#8230;<\/p>\n","protected":false},"author":2,"featured_media":21715,"comment_status":"open","ping_status":"open","sticky":false,"template":"","format":"standard","meta":[],"categories":[1],"tags":[],"_links":{"self":[{"href":"https:\/\/www.salvatorianas.org.br\/blog\/wp-json\/wp\/v2\/posts\/21709"}],"collection":[{"href":"https:\/\/www.salvatorianas.org.br\/blog\/wp-json\/wp\/v2\/posts"}],"about":[{"href":"https:\/\/www.salvatorianas.org.br\/blog\/wp-json\/wp\/v2\/types\/post"}],"author":[{"embeddable":true,"href":"https:\/\/www.salvatorianas.org.br\/blog\/wp-json\/wp\/v2\/users\/2"}],"replies":[{"embeddable":true,"href":"https:\/\/www.salvatorianas.org.br\/blog\/wp-json\/wp\/v2\/comments?post=21709"}],"version-history":[{"count":1,"href":"https:\/\/www.salvatorianas.org.br\/blog\/wp-json\/wp\/v2\/posts\/21709\/revisions"}],"predecessor-version":[{"id":21718,"href":"https:\/\/www.salvatorianas.org.br\/blog\/wp-json\/wp\/v2\/posts\/21709\/revisions\/21718"}],"wp:featuredmedia":[{"embeddable":true,"href":"https:\/\/www.salvatorianas.org.br\/blog\/wp-json\/wp\/v2\/media\/21715"}],"wp:attachment":[{"href":"https:\/\/www.salvatorianas.org.br\/blog\/wp-json\/wp\/v2\/media?parent=21709"}],"wp:term":[{"taxonomy":"category","embeddable":true,"href":"https:\/\/www.salvatorianas.org.br\/blog\/wp-json\/wp\/v2\/categories?post=21709"},{"taxonomy":"post_tag","embeddable":true,"href":"https:\/\/www.salvatorianas.org.br\/blog\/wp-json\/wp\/v2\/tags?post=21709"}],"curies":[{"name":"wp","href":"https:\/\/api.w.org\/{rel}","templated":true}]}}